{"id":2792,"date":"2024-02-28T18:20:28","date_gmt":"2024-02-28T17:20:28","guid":{"rendered":"https:\/\/serbenidorm.daliisolutions.com\/index.php\/2024\/02\/28\/afem-marina-baixa-premio-radio-benidorm-en-sanidad\/"},"modified":"2024-02-28T18:20:28","modified_gmt":"2024-02-28T17:20:28","slug":"afem-marina-baixa-premio-radio-benidorm-en-sanidad","status":"publish","type":"post","link":"https:\/\/serbenidorm.daliisolutions.com\/index.php\/2024\/02\/28\/afem-marina-baixa-premio-radio-benidorm-en-sanidad\/","title":{"rendered":"AFEM Marina Baixa, Premio Radio Benidorm en Sanidad"},"content":{"rendered":"  <p>Benidorm<\/p>   <p>La Asociaci\u00f3n de de Familiares de Enfermos Mentales de la Marina Baixa, AFEM, recibe este a\u00f1o el <a href=\"https:\/\/cadenaser.com\/comunitat-valenciana\/2024\/02\/14\/conoce-a-los-ganadores-de-la-ii-edicion-de-los-premios-radio-benidorm-radio-benidorm\/\" target=\"_blank\" rel=\"noopener\">Premio Radio Benidorm en la categor\u00eda de Sanidad<\/a> por su asistencia a personas con enfermedades mentales de la comarca y sus familias.<\/p>   <p>Fundada en 1997, AFEM atiende a personas con problemas de salud mental y asesora a sus familiares. Realiza una impagable labor que contribuye tambi\u00e9n a <a href=\"https:\/\/cadenaser.com\/comunitat-valenciana\/2023\/10\/02\/arranca-la-semana-de-la-salud-mental-organizada-por-afem-radio-benidorm\/\" target=\"_blank\" rel=\"noopener\">desestigmatizar la enfermedad mental adoptando una nueva perspectiva y abandonando prejuicios y actitudes discriminatorias.<\/a><\/p>   <p>Su presidenta, Pompe Muro, explica Hoy por Hoy Benidorm que llevan \u201cmuchos a\u00f1os luchando para que haya armon\u00eda entre nosotros\u201d y que casi tres d\u00e9cadas despu\u00e9s AFEM \u201cno es la cl\u00e1sica asociaci\u00f3n sino que somos como una familia y eso es muy bueno para los chicos\u201d. Sin embargo, el colectivo sigue necesitando \u201cmucha ayuda y muchos fondos\u201d porque prestan un servicio para el que hacen falta recursos de los que muchas veces carecen las familias. \u201cLos ciudadanos y empresarios nos ven como luchamos y por eso nos ayudan, y eso nos abre muchas puertas\u201d, enfatiza.<\/p>   <p>Tal y como relata la trabajadora social, Sonia Padilla, la asociaci\u00f3n surge de la necesidad. \u201cLos inicios fueron muy duros. Despu\u00e9s del proceso de despsiquiatrizaci\u00f3n que sufri\u00f3 Espa\u00f1a cuando se cerraron las antiguas instituciones en las que estaban encerrados los enfermos mentales, se decidi\u00f3 que los enfermos deb\u00edan estar integrados en la comunidad pero los enfermos se quedaron en su casa sin atenci\u00f3n. Con esa necesidad nace la asociaci\u00f3n, para crear esos servicios de comunidad y programas de integraci\u00f3n\u201d, rememora.<\/p>   <p>Padilla tambi\u00e9n recuerda que fue vital el apoyo de los padres de los enfermos y de los profesionales del Hospital Comarcal Marina Baixa. \u201cEn el Hospital no hab\u00eda planta de psiquiatr\u00eda en los a\u00f1os 90 y nosotros part\u00edamos desde cero, pero los psiquiatras y los familiares nos ayudaron much\u00edsimo. Fue despu\u00e9s cuando se implant\u00f3 la unidad de psiquiatr\u00eda y nosotros, ya en los 2000, pudimos, gracias a subvenciones y ayudas, comenzar a tener un equipo psicosocial para hacer rehabilitaci\u00f3n y atender a usuarios y familiares\u201d, a\u00f1ade Padilla.<\/p>   <p>En este tiempo AFEM ha crecido y ampliado sus servicios y ha participado en campa\u00f1as de concienciaci\u00f3n para ayudar a promover el cuidado de la salud mental. \u201cTambi\u00e9n organizamos excursiones ya actividades l\u00fadicas para nuestros chicos porque el ambiente es fundamental para la salud mental\u201d, concluye Pompe Muro.<\/p> ","protected":false},"excerpt":{"rendered":"<p>Recibe el premio por la asistencia que proporciona a las personas con enfermedades mentales de la Marina Baixa y sus familias<\/p>\n","protected":false},"author":0,"featured_media":2793,"comment_status":"open","ping_status":"open","sticky":false,"template":"","format":"standard","meta":{"_acf_changed":false,"footnotes":""},"categories":[1],"tags":[],"class_list":["post-2792","post","type-post","status-publish","format-standard","has-post-thumbnail","hentry","category-sin-categoria"],"acf":{"ser_id":"U6OFZORLYNABLDNTIQQUISJZMM","ser_url":"https:\/\/cadenaser.com\/comunitat-valenciana\/2024\/02\/28\/afem-premio-radio-benidorm-en-sanidad-radio-benidorm\/"},"_links":{"self":[{"href":"https:\/\/serbenidorm.daliisolutions.com\/index.php\/wp-json\/wp\/v2\/posts\/2792","targetHints":{"allow":["GET"]}}],"collection":[{"href":"https:\/\/serbenidorm.daliisolutions.com\/index.php\/wp-json\/wp\/v2\/posts"}],"about":[{"href":"https:\/\/serbenidorm.daliisolutions.com\/index.php\/wp-json\/wp\/v2\/types\/post"}],"replies":[{"embeddable":true,"href":"https:\/\/serbenidorm.daliisolutions.com\/index.php\/wp-json\/wp\/v2\/comments?post=2792"}],"version-history":[{"count":0,"href":"https:\/\/serbenidorm.daliisolutions.com\/index.php\/wp-json\/wp\/v2\/posts\/2792\/revisions"}],"wp:featuredmedia":[{"embeddable":true,"href":"https:\/\/serbenidorm.daliisolutions.com\/index.php\/wp-json\/wp\/v2\/media\/2793"}],"wp:attachment":[{"href":"https:\/\/serbenidorm.daliisolutions.com\/index.php\/wp-json\/wp\/v2\/media?parent=2792"}],"wp:term":[{"taxonomy":"category","embeddable":true,"href":"https:\/\/serbenidorm.daliisolutions.com\/index.php\/wp-json\/wp\/v2\/categories?post=2792"},{"taxonomy":"post_tag","embeddable":true,"href":"https:\/\/serbenidorm.daliisolutions.com\/index.php\/wp-json\/wp\/v2\/tags?post=2792"}],"curies":[{"name":"wp","href":"https:\/\/api.w.org\/{rel}","templated":true}]}}