{"id":2794,"date":"2024-02-28T18:20:30","date_gmt":"2024-02-28T17:20:30","guid":{"rendered":"https:\/\/serbenidorm.daliisolutions.com\/index.php\/2024\/02\/28\/la-fiebre-del-futbol-se-extiende-y-las-camisetas-del-c-f-benidorm-se-convierten-en-superventas\/"},"modified":"2024-02-28T18:20:30","modified_gmt":"2024-02-28T17:20:30","slug":"la-fiebre-del-futbol-se-extiende-y-las-camisetas-del-c-f-benidorm-se-convierten-en-superventas","status":"publish","type":"post","link":"https:\/\/serbenidorm.daliisolutions.com\/index.php\/2024\/02\/28\/la-fiebre-del-futbol-se-extiende-y-las-camisetas-del-c-f-benidorm-se-convierten-en-superventas\/","title":{"rendered":"La fiebre del f\u00fatbol se extiende y las camisetas del C.F. Benidorm se convierten en superventas"},"content":{"rendered":"  <p>Benidorm<\/p>   <p>La buena racha de resultados que ha encadenado esta temporada el <a href=\"https:\/\/cadenaser.com\/tag\/club_futbol_benidorm\/a\/\" target=\"_blank\" rel=\"noopener\">C.F. Benidorm<\/a>, l\u00edder destacado del grupo sur de la Lliga Comunitat <a href=\"https:\/\/prisaradio-prisaradio-prod.cdn.arcpublishing.com\/comunitat-valenciana\/2024\/02\/18\/el-benidorm-es-mas-lider-tras-vencer-en-casa-al-olimpic-de-xativa-radio-benidorm\/\" rel=\"nofollow noopener\" target=\"_blank\">con doce puntos de ventaja sobre el Eldense B<\/a>, parece que est\u00e1 provocando que la fiebre del f\u00fatbol se est\u00e9 extendiendo, tantos a\u00f1os despu\u00e9s, por toda la ciudad.<\/p>   <p>No s\u00f3lo se trata de que cada vez son m\u00e1s los aficionados que acuden cada domingo a las gradas del estadio Guillermo Amor, sino que, como ha explicado hoy en <a href=\"https:\/\/cadenaser.com\/radio-benidorm\/ser-deportivos-benidorm\/\" target=\"_blank\" rel=\"noopener\">SER Deportivos Marina Baixa<\/a> David Ortiz, encargado de la tienda D\u00e9cimas de Benidorm (tienda oficial del club), las camisetas del equipo se han convertido en un aut\u00e9ntico superventas.<\/p>  <p><p>M\u00e1s informaci\u00f3n<\/p><figure><img decoding=\"async\" src=\"https:\/\/cadenaser.com\/resizer\/pEgZ21ThrGNVQl2GE3tdtLZnuVs=\/650x366\/filters:quality(70)\/cloudfront-eu-central-1.images.arcpublishing.com\/prisaradio\/D6F2RQSWIFBDZPY6HYKQLNUSDU.jpg\" loading=\"lazy\" width=\"828\" height=\"621\" \/><\/figure><ul><li><a href=\"https:\/\/prisaradio-prisaradio-prod.cdn.arcpublishing.com\/comunitat-valenciana\/2024\/02\/18\/el-benidorm-es-mas-lider-tras-vencer-en-casa-al-olimpic-de-xativa-radio-benidorm\/\">El Benidorm es m\u00e1s l\u00edder tras vencer en casa al Ol\u00edmpic de X\u00e0tiva<\/a><\/li><\/ul><\/p>   <p>Tanto es as\u00ed, ha explicado Ortiz, que las camisetas del C.F. Benidorm son las que m\u00e1s se venden en el local, muy por encima de las de equipos de Primera Divisi\u00f3n como el Real Madrid, el C.F. Barcelona o el Atl\u00e9tico de Madrid, entre otros muchos.<\/p>   <p>Llama tambi\u00e9n la atenci\u00f3n que muchos de los que se deciden por hacerse con una camiseta del C.F. Benidorm son aficionados extranjeros, turistas que la eligen sobre las opciones de Primera Divisi\u00f3n, para llevarse un \u2018souvenir\u2019 a sus hogares.<\/p>   <p>Todo ello, claro, sin contar con la cada vez mayor legi\u00f3n de aficionados locales que se hacen con la prenda para acudir a las gradas del Guillermo Amor para acompa\u00f1ar al equipo de la ciudad en su camino hacia el cada vez m\u00e1s cercano ascenso a Tercera RFEF.<\/p> ","protected":false},"excerpt":{"rendered":"<p>Las ventas de la prenda del equipo de la ciudad superan a las de las camisetas de equipos de Primera Divisi\u00f3n<\/p>\n","protected":false},"author":0,"featured_media":2795,"comment_status":"open","ping_status":"open","sticky":false,"template":"","format":"standard","meta":{"_acf_changed":false,"footnotes":""},"categories":[16],"tags":[],"class_list":["post-2794","post","type-post","status-publish","format-standard","has-post-thumbnail","hentry","category-deportes"],"acf":{"ser_id":"Q6AAMAMKVZGWHIDUDYBK2PINUY","ser_url":"https:\/\/cadenaser.com\/comunitat-valenciana\/2024\/02\/28\/la-fiebre-del-futbol-se-extiende-y-las-camisetas-del-cf-benidorm-se-convierten-en-superventas-radio-benidorm\/"},"_links":{"self":[{"href":"https:\/\/serbenidorm.daliisolutions.com\/index.php\/wp-json\/wp\/v2\/posts\/2794","targetHints":{"allow":["GET"]}}],"collection":[{"href":"https:\/\/serbenidorm.daliisolutions.com\/index.php\/wp-json\/wp\/v2\/posts"}],"about":[{"href":"https:\/\/serbenidorm.daliisolutions.com\/index.php\/wp-json\/wp\/v2\/types\/post"}],"replies":[{"embeddable":true,"href":"https:\/\/serbenidorm.daliisolutions.com\/index.php\/wp-json\/wp\/v2\/comments?post=2794"}],"version-history":[{"count":0,"href":"https:\/\/serbenidorm.daliisolutions.com\/index.php\/wp-json\/wp\/v2\/posts\/2794\/revisions"}],"wp:featuredmedia":[{"embeddable":true,"href":"https:\/\/serbenidorm.daliisolutions.com\/index.php\/wp-json\/wp\/v2\/media\/2795"}],"wp:attachment":[{"href":"https:\/\/serbenidorm.daliisolutions.com\/index.php\/wp-json\/wp\/v2\/media?parent=2794"}],"wp:term":[{"taxonomy":"category","embeddable":true,"href":"https:\/\/serbenidorm.daliisolutions.com\/index.php\/wp-json\/wp\/v2\/categories?post=2794"},{"taxonomy":"post_tag","embeddable":true,"href":"https:\/\/serbenidorm.daliisolutions.com\/index.php\/wp-json\/wp\/v2\/tags?post=2794"}],"curies":[{"name":"wp","href":"https:\/\/api.w.org\/{rel}","templated":true}]}}