{"id":2818,"date":"2024-02-29T10:08:38","date_gmt":"2024-02-29T09:08:38","guid":{"rendered":"https:\/\/serbenidorm.daliisolutions.com\/index.php\/2024\/02\/29\/club-balonmano-lalfas-del-pi-un-proyecto-pensado-por-y-para-la-base\/"},"modified":"2024-02-29T10:08:38","modified_gmt":"2024-02-29T09:08:38","slug":"club-balonmano-lalfas-del-pi-un-proyecto-pensado-por-y-para-la-base","status":"publish","type":"post","link":"https:\/\/serbenidorm.daliisolutions.com\/index.php\/2024\/02\/29\/club-balonmano-lalfas-del-pi-un-proyecto-pensado-por-y-para-la-base\/","title":{"rendered":"Club Balonmano l\u2019Alf\u00e0s del Pi: un proyecto pensado por y para la base"},"content":{"rendered":"  <p>Benidorm<\/p>   <p>La comarca de la Marina Baixa y el balonmano de alto nivel tienen una larga historia compartida. Primero, fue el Balonmano Altea el que capitane\u00f3 la aventura de la regi\u00f3n en la Liga Asobal, en la que lleg\u00f3 a terminar en cuarta posici\u00f3n en la temporada 2002-2003, el mismo a\u00f1o en el que alcanz\u00f3 las semifinales de la Copa EHF, el torneo continental del que s\u00f3lo un a\u00f1o m\u00e1s tarde se proclam\u00f3 subcampe\u00f3n tras caer en la final ante el Kiel alem\u00e1n.<\/p>   <p>Luis Parro fue, durante muchas temporadas capit\u00e1n de aquel equipo al que, a efectos de la Marina Baixa, relev\u00f3 como embajador en la <a href=\"https:\/\/cadenaser.com\/tag\/liga_asobal\/a\/\" target=\"_blank\" rel=\"noopener\">Liga Asobal<\/a> el Balonmano Benidorm cuyo primer equipo, el <a href=\"https:\/\/cadenaser.com\/tag\/club_balonmano_benidorm\/a\/\" target=\"_blank\" rel=\"noopener\">TM Benidorm<\/a>, milita en esa primera divisi\u00f3n nacional desde hace diez a\u00f1os.<\/p>  <p><p>M\u00e1s informaci\u00f3n<\/p><figure><img decoding=\"async\" src=\"https:\/\/cadenaser.com\/resizer\/6UU48-ewBTtj-9A3sdjESvY_Nhc=\/650x366\/filters:quality(70)\/cloudfront-eu-central-1.images.arcpublishing.com\/prisaradio\/H6FAWLACQBAPLB7DSMEXJWBG7Q.jpg\" loading=\"lazy\" width=\"828\" height=\"621\" \/><\/figure><ul><li><a href=\"https:\/\/cadenaser.com\/tag\/club_balonmano_benidorm\/a\/\">Todas las noticias del TM Benidorm<\/a><\/li><\/ul><\/p>   <p>Ahora, el hist\u00f3rico jugador afincado en l\u2019Alf\u00e0s del Pi dirige el club de esa localidad, que fund\u00f3 hace siete a\u00f1os y que, como ha explicado en su paso por <a href=\"https:\/\/cadenaser.com\/radio-benidorm\/ser-deportivos-benidorm\/\" target=\"_blank\" rel=\"noopener\">SER Deportivos Marina Baixa<\/a>, no tiene como objetivo desarrollar un proyecto para codearse con la \u00e9lite nacional del balonmano, sino ofrecer un espacio de desarrollo para todas las categor\u00edas de la base y no s\u00f3lo en la pista, sino tambi\u00e9n en la muy atractiva disciplina del balonmano playa.<\/p>   <p>Ahora, siete a\u00f1os despu\u00e9s de iniciar su andadura, el Club Balonmano l\u2019Alf\u00e0s del Pi ya cuenta con un equipo S\u00e9nior masculino y un conjunto Infantil femenino que, adem\u00e1s, se ha proclamado subcampe\u00f3n de su categor\u00eda esta temporada.<\/p> ","protected":false},"excerpt":{"rendered":"<p>Tras siete a\u00f1os de andadura, la entidad dirigida por Luis Parro cuenta ya con un equipo S\u00e9nior masculino<\/p>\n","protected":false},"author":0,"featured_media":2819,"comment_status":"open","ping_status":"open","sticky":false,"template":"","format":"standard","meta":{"_acf_changed":false,"footnotes":""},"categories":[16],"tags":[],"class_list":["post-2818","post","type-post","status-publish","format-standard","has-post-thumbnail","hentry","category-deportes"],"acf":{"ser_id":"FNRR5FBWI5DOZI5LW3POJ475YM","ser_url":"https:\/\/cadenaser.com\/comunitat-valenciana\/2024\/02\/29\/club-balonmano-lalfas-del-pi-un-proyecto-pensado-por-y-para-la-base-radio-benidorm\/"},"_links":{"self":[{"href":"https:\/\/serbenidorm.daliisolutions.com\/index.php\/wp-json\/wp\/v2\/posts\/2818","targetHints":{"allow":["GET"]}}],"collection":[{"href":"https:\/\/serbenidorm.daliisolutions.com\/index.php\/wp-json\/wp\/v2\/posts"}],"about":[{"href":"https:\/\/serbenidorm.daliisolutions.com\/index.php\/wp-json\/wp\/v2\/types\/post"}],"replies":[{"embeddable":true,"href":"https:\/\/serbenidorm.daliisolutions.com\/index.php\/wp-json\/wp\/v2\/comments?post=2818"}],"version-history":[{"count":0,"href":"https:\/\/serbenidorm.daliisolutions.com\/index.php\/wp-json\/wp\/v2\/posts\/2818\/revisions"}],"wp:featuredmedia":[{"embeddable":true,"href":"https:\/\/serbenidorm.daliisolutions.com\/index.php\/wp-json\/wp\/v2\/media\/2819"}],"wp:attachment":[{"href":"https:\/\/serbenidorm.daliisolutions.com\/index.php\/wp-json\/wp\/v2\/media?parent=2818"}],"wp:term":[{"taxonomy":"category","embeddable":true,"href":"https:\/\/serbenidorm.daliisolutions.com\/index.php\/wp-json\/wp\/v2\/categories?post=2818"},{"taxonomy":"post_tag","embeddable":true,"href":"https:\/\/serbenidorm.daliisolutions.com\/index.php\/wp-json\/wp\/v2\/tags?post=2818"}],"curies":[{"name":"wp","href":"https:\/\/api.w.org\/{rel}","templated":true}]}}