{"id":2824,"date":"2024-02-29T19:44:35","date_gmt":"2024-02-29T18:44:35","guid":{"rendered":"https:\/\/serbenidorm.daliisolutions.com\/index.php\/2024\/02\/29\/fancy-dress-party-premio-radio-benidorm-a-la-fiesta\/"},"modified":"2024-02-29T19:44:35","modified_gmt":"2024-02-29T18:44:35","slug":"fancy-dress-party-premio-radio-benidorm-a-la-fiesta","status":"publish","type":"post","link":"https:\/\/serbenidorm.daliisolutions.com\/index.php\/2024\/02\/29\/fancy-dress-party-premio-radio-benidorm-a-la-fiesta\/","title":{"rendered":"Fancy Dress Party, Premio Radio Benidorm a la Fiesta"},"content":{"rendered":"  <p>Benidorm<\/p>   <p>Cuando Manuel Nieto, due\u00f1o del Pub Sinatra`s, compr\u00f3 una veintena de disfraces para celebrar una fiesta con los clientes habituales de este pub ubicado en la zona inglesa de Benidorm, poco se imaginaba que estaba sembrando la semilla de la mayor fiesta de disfraces de Europa con m\u00e1s de 40.000 participantes.<\/p>   <p>La<a href=\"https:\/\/cadenaser.com\/comunitat-valenciana\/2023\/11\/16\/benidorm-acoge-la-mayor-fiesta-de-disfraces-de-europa-radio-benidorm\/\" target=\"_blank\" rel=\"noopener\"> Fancy Dress Party <\/a>comenz\u00f3 como una fiesta que pretend\u00eda ser un agradecimiento a la clientela habitual en plena temporada baja pero al a\u00f1o siguiente se sumaron otros establecimientos y termin\u00f3 convirti\u00e9ndose en un evento tur\u00edstico enfocado al p\u00fablico brit\u00e1nico. Se celebra el jueves siguiente a las Fiestas Mayores Patronales de Bendiorm y es el particular homenaje que el turista brit\u00e1nico le rinde a los festejos de su destino vacacional preferido.<\/p>   <p>Transcurridos 32 a\u00f1os desde su creaci\u00f3n, el evento aglutina a mas de 40.000 personas todos los a\u00f1os y llena hoteles y apartamentos de Benidorm durante toda esa semana, siendo uno de los eventos promocionales m\u00e1s multitudinarios que ha pasado a formar parte del calendario habitual de la ciudad.<\/p>   <p>Recibe el <a href=\"https:\/\/cadenaser.com\/comunitat-valenciana\/2024\/02\/14\/conoce-a-los-ganadores-de-la-ii-edicion-de-los-premios-radio-benidorm-radio-benidorm\/\" target=\"_blank\" rel=\"noopener\">Premio Radio Benidorm <\/a>en la categor\u00eda de Fiesta  por haber conseguido a lo largo de sus 32 ediciones un lugar protagonista en el calendario festero de Benidorm, abri\u00e9ndolo al turismo internacional y congregando cada a\u00f1o a decenas de miles de personas que llegan a la ciudad expresamente para esta fiesta de disfraces en la que, adem\u00e1s, se implican una importante cantidad de negocios de la ciudad.<\/p>   <p>Manuel Nieto ha explicado a <a href=\"\/\/radiobenidorm.es\" rel=\"nofollow noopener\" target=\"_blank\">Hoy por Hoy Benidorm <\/a>que \u201ctodo comenz\u00f3 como una fiesta de amigos con gente muy asidua a mi local que ven\u00eda todos los a\u00f1os por estas fechas. Como me apoyaron en mis inicios quise hacerles una fiesta de agradecimiento y alquile unos trajes y puse un picoteo. La fiesta se anim\u00f3 y a\u00f1o tras a\u00f1o se ha ido agrandando. A los cuatro a\u00f1os tuvo que abrir mi vecino porque yo no daba abasto y ahora es uno de los d\u00edas m\u00e1s fuertes de trabajo que tenemos en todo el a\u00f1o\u201d.<\/p> ","protected":false},"excerpt":{"rendered":"<p>Recibe el premio por haber conseguido a lo largo de sus 32 ediciones un lugar protagonista en el calendario festero y haberse convertido en un evento internacional<\/p>\n","protected":false},"author":0,"featured_media":2825,"comment_status":"open","ping_status":"open","sticky":false,"template":"","format":"standard","meta":{"_acf_changed":false,"footnotes":""},"categories":[1],"tags":[],"class_list":["post-2824","post","type-post","status-publish","format-standard","has-post-thumbnail","hentry","category-sin-categoria"],"acf":{"ser_id":"YSKOBT7TJNHRTOADLQRCPBBX64","ser_url":"https:\/\/cadenaser.com\/comunitat-valenciana\/2024\/02\/29\/fancy-dress-party-premio-radio-benidorm-a-la-fiesta-radio-benidorm\/"},"_links":{"self":[{"href":"https:\/\/serbenidorm.daliisolutions.com\/index.php\/wp-json\/wp\/v2\/posts\/2824","targetHints":{"allow":["GET"]}}],"collection":[{"href":"https:\/\/serbenidorm.daliisolutions.com\/index.php\/wp-json\/wp\/v2\/posts"}],"about":[{"href":"https:\/\/serbenidorm.daliisolutions.com\/index.php\/wp-json\/wp\/v2\/types\/post"}],"replies":[{"embeddable":true,"href":"https:\/\/serbenidorm.daliisolutions.com\/index.php\/wp-json\/wp\/v2\/comments?post=2824"}],"version-history":[{"count":0,"href":"https:\/\/serbenidorm.daliisolutions.com\/index.php\/wp-json\/wp\/v2\/posts\/2824\/revisions"}],"wp:featuredmedia":[{"embeddable":true,"href":"https:\/\/serbenidorm.daliisolutions.com\/index.php\/wp-json\/wp\/v2\/media\/2825"}],"wp:attachment":[{"href":"https:\/\/serbenidorm.daliisolutions.com\/index.php\/wp-json\/wp\/v2\/media?parent=2824"}],"wp:term":[{"taxonomy":"category","embeddable":true,"href":"https:\/\/serbenidorm.daliisolutions.com\/index.php\/wp-json\/wp\/v2\/categories?post=2824"},{"taxonomy":"post_tag","embeddable":true,"href":"https:\/\/serbenidorm.daliisolutions.com\/index.php\/wp-json\/wp\/v2\/tags?post=2824"}],"curies":[{"name":"wp","href":"https:\/\/api.w.org\/{rel}","templated":true}]}}