{"id":2828,"date":"2024-02-29T19:44:39","date_gmt":"2024-02-29T18:44:39","guid":{"rendered":"https:\/\/serbenidorm.daliisolutions.com\/index.php\/2024\/02\/29\/el-benidorm-gastronomico-2024-empieza-con-las-xii-jornadas-de-la-cuchara\/"},"modified":"2024-02-29T19:44:39","modified_gmt":"2024-02-29T18:44:39","slug":"el-benidorm-gastronomico-2024-empieza-con-las-xii-jornadas-de-la-cuchara","status":"publish","type":"post","link":"https:\/\/serbenidorm.daliisolutions.com\/index.php\/2024\/02\/29\/el-benidorm-gastronomico-2024-empieza-con-las-xii-jornadas-de-la-cuchara\/","title":{"rendered":"El Benidorm Gastron\u00f3mico 2024 empieza con las XII Jornadas de la Cuchara"},"content":{"rendered":"  <p>Benidorm<\/p>   <p>El Benidorm Gastron\u00f3mico 2024 echa a andar este viernes 1 de marzo con las XII Jornadas de la Cuchara, un cl\u00e1sico en el calendario gastron\u00f3mico local, que cada a\u00f1o y con cada cita se consolida y goza de mayor aceptaci\u00f3n entre vecinos y turistas.<\/p>   <p>Esta jueves ha tenido lugar la presentaci\u00f3n en el edificio El Torrej\u00f3, con presencia del alcalde Toni P\u00e9rez, el vicepresidente de Abreca, Alex Frattini, y el padrino del Benidorm Gastron\u00f3mico 2023, Manuel Mart\u00ednez, del restaurante El Ducado.<\/p>   <p>Doce ser\u00e1n los restaurantes de la ciudad que tomen parte en las Jornadas de la Cuchara (<a href=\"https:\/\/cadenaser.com\/tag\/benidorm\/a\/\" target=\"_blank\" rel=\"noopener\">Bolikki, El Esturi\u00f3n, El linaje de Castilla, Jard\u00edn Mediterr\u00e1neo, La Cava Aragonesa, La Marina, La Taper\u00eda, Malpas, M\u00eda Social Club, Pinocchio Playa, Punto de Sal y La Taberna Andaluza<\/a>), que se celebrar\u00e1n del 1 al 10 de marzo, con men\u00fas a 25 euros.<\/p>   <p>El resto del calendario del Benidorm Gastron\u00f3mico 2024 queda de la siguiente manera: del 12 al 21 de abril se celebrar\u00e1n las IV Jornadas del At\u00fan, del 14 al 23 de junio ser\u00e1 el turno del XIV Concurso de Tapas y Pinchos. Le seguir\u00e1 el III Concurso de Cocktails del 13 al 22 de septiembre y cerrar\u00e1n el ciclo las XIII Jornadas de los Arroces del 25 de octubre al 3 de noviembre.<\/p>  <p><p>M\u00e1s informaci\u00f3n<\/p><figure><img decoding=\"async\" src=\"https:\/\/cadenaser.com\/resizer\/sYRwW653fsdOkGlGrckRQQQ-0cQ=\/650x366\/filters:quality(70)\/cloudfront-eu-central-1.images.arcpublishing.com\/prisaradio\/XM75IXGGZNGW7N4GPNBHWXO27U.jpg\" loading=\"lazy\" width=\"828\" height=\"621\" \/><\/figure><ul><li><a href=\"https:\/\/cadenaser.com\/comunitat-valenciana\/2024\/02\/29\/fancy-dress-party-premio-radio-benidorm-a-la-fiesta-radio-benidorm\/\">Fancy Dress Party, Premio Radio Benidorm a la Fiesta<\/a><\/li><\/ul><\/p>   <p>Alex Frattini ha agradecido el apoyo del Ayuntamiento en las actividades que realiza Abreca y ha hecho lo propio con el padrino de 2023, Manuel Mart\u00ednez, antes de afirmar que 2024 \u201cser\u00e1 un a\u00f1o de record\u201d.<\/p>   <p>Juan Fern\u00e1ndez, nuevo padrino del Benidorm Gastron\u00f3mico<\/p>   <p>Precisamente, el padrino saliente ha sido el encargado de dar la bienvenida al nuevo; Un cargo que ha reca\u00eddo en Juan Fern\u00e1ndez, del restaurante El Esturi\u00f3n. Mart\u00ednez ha expresado su deseo de que los j\u00f3venes \u201csigan la trayectoria de sus mayores en la hosteler\u00eda y restauraci\u00f3n porque Benidorm es la mejor ciudad de Espa\u00f1a\u201d.<\/p>   <p>Fern\u00e1ndez, por su parte, ha agradecido \u201ca quienes han pensado en mi como padrino\u201d y en su intervenci\u00f3n ha recordado los cambios habidos en la hosteler\u00eda de Benidorm con el paso de los a\u00f1os.\u201d Antes pele\u00e1bamos por ver qui\u00e9n trabajaba m\u00e1s y por ofrecer unos precios m\u00e1s econ\u00f3micos y ahora es todo lo contrario, a ver quien ofrece m\u00e1s calidad\u201d ha afirmado. Ello le ha llevado a pedir a los nuevos empresarios \u201cque inviertan en Benidorm, que tiene muchas posibilidades\u201d.<\/p>  <p><p class=\"tit\"><span>Hora 14 Benidorm (29\/02\/2024)<\/span><\/p> <p class=\"emb\"><iframe loading=\"lazy\" src=\"https:\/\/cadenaser.com\/embed\/audio\/460\/cadenaser_benidorm_hora14benidorm_20240229_141700_143000\/\" width=\"100%\" height=\"360\" frameborder=\"0\" allowfullscreen><\/iframe><\/p><\/p>   <p>El alcalde Toni P\u00e9rez ha cerrado el acto se\u00f1alando que \u201cel Benidorm Gastron\u00f3mico es algo muy nuestro\u201d y ha destacado la creciente importancia de la gastronom\u00eda en la idiosincrasia de la ciudad. \u201cHemos empezado esta semana hablando de gastronom\u00eda con la asamblea de EuroToques, un espacio para la reflexi\u00f3n y debate de cocineros de Espa\u00f1a\u201d y ha asegurado que en Benidorm \u201cel bar, el restaurante, la hosteler\u00eda, es el alma de la calle\u201d. \u201cCada restaurante se convierte en la casa de aquel que lo visita y eso lo hac\u00e9is muchos todo el a\u00f1o, pero en especial con el Benidorm Gastron\u00f3mico\u201d.<\/p>   <p>P\u00e9rez ha augurado que las Jornadas de la Cuchara, ser\u00e1n \u201cun \u00e9xito, como siempre\u201d gracias a que \u201ccada uno pone lo mejor de s\u00ed mismo\u201d. En su opini\u00f3n, la gastronom\u00eda en Benidorm \u201cno es complemento de nada, sino que es turismo en s\u00ed misma\u201d.<\/p> ","protected":false},"excerpt":{"rendered":"<p>Una docena de restaurantes tomar\u00e1n parte del evento hasta el 10 de marzo<\/p>\n","protected":false},"author":0,"featured_media":2829,"comment_status":"open","ping_status":"open","sticky":false,"template":"","format":"standard","meta":{"_acf_changed":false,"footnotes":""},"categories":[1],"tags":[],"class_list":["post-2828","post","type-post","status-publish","format-standard","has-post-thumbnail","hentry","category-sin-categoria"],"acf":{"ser_id":"P36YG6BXWNAAHDNDISRGYWXGZA","ser_url":"https:\/\/cadenaser.com\/comunitat-valenciana\/2024\/02\/29\/el-benidorm-gastronomico-2024-empieza-con-las-xii-jornadas-de-la-cuchara-radio-benidorm\/"},"_links":{"self":[{"href":"https:\/\/serbenidorm.daliisolutions.com\/index.php\/wp-json\/wp\/v2\/posts\/2828","targetHints":{"allow":["GET"]}}],"collection":[{"href":"https:\/\/serbenidorm.daliisolutions.com\/index.php\/wp-json\/wp\/v2\/posts"}],"about":[{"href":"https:\/\/serbenidorm.daliisolutions.com\/index.php\/wp-json\/wp\/v2\/types\/post"}],"replies":[{"embeddable":true,"href":"https:\/\/serbenidorm.daliisolutions.com\/index.php\/wp-json\/wp\/v2\/comments?post=2828"}],"version-history":[{"count":0,"href":"https:\/\/serbenidorm.daliisolutions.com\/index.php\/wp-json\/wp\/v2\/posts\/2828\/revisions"}],"wp:featuredmedia":[{"embeddable":true,"href":"https:\/\/serbenidorm.daliisolutions.com\/index.php\/wp-json\/wp\/v2\/media\/2829"}],"wp:attachment":[{"href":"https:\/\/serbenidorm.daliisolutions.com\/index.php\/wp-json\/wp\/v2\/media?parent=2828"}],"wp:term":[{"taxonomy":"category","embeddable":true,"href":"https:\/\/serbenidorm.daliisolutions.com\/index.php\/wp-json\/wp\/v2\/categories?post=2828"},{"taxonomy":"post_tag","embeddable":true,"href":"https:\/\/serbenidorm.daliisolutions.com\/index.php\/wp-json\/wp\/v2\/tags?post=2828"}],"curies":[{"name":"wp","href":"https:\/\/api.w.org\/{rel}","templated":true}]}}