{"id":2830,"date":"2024-02-29T19:44:40","date_gmt":"2024-02-29T18:44:40","guid":{"rendered":"https:\/\/serbenidorm.daliisolutions.com\/index.php\/2024\/02\/29\/600-mujeres-de-la-marina-baixa-participan-este-viernes-en-la-nucia-en-su-xxiii-encuentro-comarcal\/"},"modified":"2024-02-29T19:44:40","modified_gmt":"2024-02-29T18:44:40","slug":"600-mujeres-de-la-marina-baixa-participan-este-viernes-en-la-nucia-en-su-xxiii-encuentro-comarcal","status":"publish","type":"post","link":"https:\/\/serbenidorm.daliisolutions.com\/index.php\/2024\/02\/29\/600-mujeres-de-la-marina-baixa-participan-este-viernes-en-la-nucia-en-su-xxiii-encuentro-comarcal\/","title":{"rendered":"600 mujeres de la Marina Baixa participan este viernes en La Nuc\u00eda en su XXIII Encuentro Comarcal"},"content":{"rendered":"  <p>La Nuc\u00eda<\/p>   <p>El<a href=\"https:\/\/cadenaser.com\/tag\/comarca_la_marina_baixa\/a\/\" target=\"_blank\" rel=\"noopener\"> XXIII Encuentro Comarcal de Mujeres<\/a> se celebrar\u00e1 ma\u00f1ana viernes por la tarde en La Nuc\u00eda en la carpa ubicada en Les Nits, donde se realizar\u00e1 la jornada de convivencia y merienda entre las 600 mujeres participantes. Posteriormente asistir\u00e1n al mon\u00f3logo \u201cCita con tu sex\u00f3loga\u201d de Silvia P\u00e9rez en l\u2019Auditori de La Nuc\u00eda.<\/p>   <p><a href=\"https:\/\/cadenaser.com\/tag\/la_nucia\/a\/\" target=\"_blank\" rel=\"noopener\">La Nuc\u00eda ser\u00e1 el municipio anfitri\u00f3n<\/a> del vig\u00e9simo tercer Encuentro de Mujeres promovido desde el Consejo Comarcal de Igualdad de la Marina Baixa, que reunir\u00e1 a 600 mujeres de Altea, Benidorm, La Vila Joiosa, Finestrat, L\u2019Alf\u00e0s del Pi, Polop, Callosa d\u2019en Sarri\u00e0, La Nuc\u00eda y de los diferentes pueblos que conforman la Mancomunidad de municipios de Marina Baixa.<\/p>   <p>Mon\u00f3logo<\/p>   <p>Este XXIII Encuentro de Mujeres de la Marina Baixa tendr\u00e1 lugar en La Nuc\u00eda ma\u00f1ana viernes 1 de marzo por la tarde, desde las 17,30 en el Auditori de Les Nits, en una gran carpa habilitada, donde habr\u00e1 un espacio para el encuentro y convivencia con merienda, entre las m\u00e1s de 600 mujeres participantes. Este evento comarcal concluir\u00e1 en l\u2019Auditori de La Nucia con la representaci\u00f3n a las 19 horas del mon\u00f3logo \u201cCita con tu sex\u00f3loga\u201d de Silvia P\u00e9rez.<\/p> ","protected":false},"excerpt":{"rendered":"<p>En el marco de las actividades por el 8-M<\/p>\n","protected":false},"author":0,"featured_media":2831,"comment_status":"open","ping_status":"open","sticky":false,"template":"","format":"standard","meta":{"_acf_changed":false,"footnotes":""},"categories":[1],"tags":[],"class_list":["post-2830","post","type-post","status-publish","format-standard","has-post-thumbnail","hentry","category-sin-categoria"],"acf":{"ser_id":"DDW5FAPBAVBFJO66NDHF5YLTMQ","ser_url":"https:\/\/cadenaser.com\/comunitat-valenciana\/2024\/02\/29\/600-mujeres-de-la-marina-baixa-participan-este-viernes-en-la-nucia-en-su-xxiii-encuentro-comarcal-radio-benidorm\/"},"_links":{"self":[{"href":"https:\/\/serbenidorm.daliisolutions.com\/index.php\/wp-json\/wp\/v2\/posts\/2830","targetHints":{"allow":["GET"]}}],"collection":[{"href":"https:\/\/serbenidorm.daliisolutions.com\/index.php\/wp-json\/wp\/v2\/posts"}],"about":[{"href":"https:\/\/serbenidorm.daliisolutions.com\/index.php\/wp-json\/wp\/v2\/types\/post"}],"replies":[{"embeddable":true,"href":"https:\/\/serbenidorm.daliisolutions.com\/index.php\/wp-json\/wp\/v2\/comments?post=2830"}],"version-history":[{"count":0,"href":"https:\/\/serbenidorm.daliisolutions.com\/index.php\/wp-json\/wp\/v2\/posts\/2830\/revisions"}],"wp:featuredmedia":[{"embeddable":true,"href":"https:\/\/serbenidorm.daliisolutions.com\/index.php\/wp-json\/wp\/v2\/media\/2831"}],"wp:attachment":[{"href":"https:\/\/serbenidorm.daliisolutions.com\/index.php\/wp-json\/wp\/v2\/media?parent=2830"}],"wp:term":[{"taxonomy":"category","embeddable":true,"href":"https:\/\/serbenidorm.daliisolutions.com\/index.php\/wp-json\/wp\/v2\/categories?post=2830"},{"taxonomy":"post_tag","embeddable":true,"href":"https:\/\/serbenidorm.daliisolutions.com\/index.php\/wp-json\/wp\/v2\/tags?post=2830"}],"curies":[{"name":"wp","href":"https:\/\/api.w.org\/{rel}","templated":true}]}}