{"id":2832,"date":"2024-02-29T19:44:41","date_gmt":"2024-02-29T18:44:41","guid":{"rendered":"https:\/\/serbenidorm.daliisolutions.com\/index.php\/2024\/02\/29\/felipe-orts-prepara-una-fiesta-del-ciclismo-para-toda-la-comarca-en-la-vila\/"},"modified":"2024-02-29T19:44:41","modified_gmt":"2024-02-29T18:44:41","slug":"felipe-orts-prepara-una-fiesta-del-ciclismo-para-toda-la-comarca-en-la-vila","status":"publish","type":"post","link":"https:\/\/serbenidorm.daliisolutions.com\/index.php\/2024\/02\/29\/felipe-orts-prepara-una-fiesta-del-ciclismo-para-toda-la-comarca-en-la-vila\/","title":{"rendered":"Felipe Orts prepara una fiesta del ciclismo para toda la comarca en La Vila"},"content":{"rendered":"  <p>Benidorm<\/p>   <p>Hace menos de un mes que <a href=\"https:\/\/cadenaser.com\/tag\/felipe_orts_lloret\/a\/\" target=\"_blank\" rel=\"noopener\">Felipe Orts<\/a>, el mejor especialista espa\u00f1ol de ciclocross de todos los tiempos, <a href=\"https:\/\/cadenaser.com\/comunitat-valenciana\/2024\/02\/09\/felipe-orts-baja-el-telon-con-doble-cita-en-belgica-radio-benidorm\/\" target=\"_blank\" rel=\"noopener\">dio por cerrada su campa\u00f1a invernal<\/a>, pero el ciclista vilero ya se encuentra en la recta final de preparaci\u00f3n de cara a arrancar la campa\u00f1a de mountain bike y gravel. En la primera, debutar\u00e1 ya la pr\u00f3xima semana, el d\u00eda 10 de marzo, en la prueba de la Copa de Espa\u00f1a que se disputar\u00e1 en Valladolid.<\/p>   <p>Antes de todo eso, Orts y <a href=\"https:\/\/cadenaser.com\/comunitat-valenciana\/2023\/12\/21\/la-vila-joiosa-sera-el-principal-patrocinador-de-felipe-orts-radio-benidorm\/\" target=\"_blank\" rel=\"noopener\">el ayuntamiento de La Vila Joiosa, que se ha convertido en el principal patrocinador del equipo que ha construido el propio ciclista<\/a> y cuyos colores, bajo la denominaci\u00f3n de La Vila Joiosa-N\u00e9teo, defiende desde el pasado 1 de enero, han preparado un emotivo acto abierto a todo aquel que quiera conocer de cerca no s\u00f3lo al propio <a href=\"https:\/\/cadenaser.com\/comunitat-valenciana\/2024\/01\/15\/felipe-sexto-de-espana-radio-benidorm\/\" target=\"_blank\" rel=\"noopener\">sexacampe\u00f3n de Espa\u00f1a de ciclocross<\/a>, sino todos los detalles de ese nuevo proyecto.<\/p>  <p><p>M\u00e1s informaci\u00f3n<\/p><figure><img decoding=\"async\" src=\"https:\/\/cadenaser.com\/resizer\/6p5PMbwnoc_8sLia8r_QWWxGWdw=\/650x366\/filters:quality(70)\/cloudfront-eu-central-1.images.arcpublishing.com\/prisaradio\/3EA34RTHDZARFJCAVFV6BGZV2Q.jpeg\" loading=\"lazy\" width=\"828\" height=\"621\" \/><\/figure><ul><li><a href=\"https:\/\/cadenaser.com\/tag\/felipe_orts_lloret\/a\/\">Todas las noticias de Felipe Orts<\/a><\/li><\/ul><\/p>   <p>La cita ser\u00e1 este viernes, 1 de marzo, en la playa Centro de La Vila Joiosa (17:00 horas). All\u00ed, Felipe Orts llevar\u00e1 la caravana y la carpa que se convierten en su \u2018hogar\u2019 durante los largos inviernos competitivos que pasa, principalmente, en B\u00e9lgica y Pa\u00edses Bajos, donde se disputan el grueso de la temporada y las citas m\u00e1s importantes de la misma.<\/p>   <p>Adem\u00e1s, los aficionados que quieran acompa\u00f1ar a Felipe Orts en ese acto, podr\u00e1n contemplar una exposici\u00f3n de bicicletas en las que no s\u00f3lo se mostrar\u00e1n sus monturas actuales, sino algunas piezas que ya forman parte de la historia del ciclismo espa\u00f1ol como, por ejemplo, su primera bicicleta de competici\u00f3n.<\/p>   <p><b>La mejor temporada de su vida<\/b><\/p>   <p>Antes de todo eso, Felipe Orts ha pasado por <a href=\"https:\/\/cadenaser.com\/radio-benidorm\/ser-deportivos-benidorm\/\" target=\"_blank\" rel=\"noopener\">SER Deportivos Marina Baixa<\/a> para analizar la que ha sido su mejor temporada de ciclocross. Un invierno en el que ha conseguido <a href=\"https:\/\/cadenaser.com\/comunitat-valenciana\/2023\/10\/29\/felipe-orts-hace-historia-y-consigue-el-primer-top5-de-un-espanol-en-la-copa-del-mundo-de-ciclocross-radio-benidorm\/\" target=\"_blank\" rel=\"noopener\">el mejor resultado de un ciclista espa\u00f1ol en la Copa del Mundo<\/a> con la quinta plaza obtenida en el circuito de Maasmechelen (B\u00e9lgica), ha subido <a href=\"https:\/\/cadenaser.com\/comunitat-valenciana\/2023\/11\/11\/felipe-orts-primer-podio-espanol-en-el-superprestigio-radio-benidorm\/\" target=\"_blank\" rel=\"noopener\">al podio de una carrera valedera para el Superprestigio como la de Niel<\/a> (B\u00e9lgica), <a href=\"https:\/\/cadenaser.com\/comunitat-valenciana\/2023\/12\/29\/felipe-orts-brilla-con-el-corazon-roto-sobre-el-podio-de-loenhout-radio-benidorm\/\" target=\"_blank\" rel=\"noopener\">comparti\u00f3 podio con Mathieu Van der Poel en Loenhout<\/a> (B\u00e9lgica), consigui\u00f3 convertirse en el primer corredor en alzarse con <a href=\"https:\/\/cadenaser.com\/comunitat-valenciana\/2024\/01\/15\/felipe-sexto-de-espana-radio-benidorm\/\" target=\"_blank\" rel=\"noopener\">seis campeonatos de Espa\u00f1a consecutivos<\/a>, se hizo con <a href=\"https:\/\/cadenaser.com\/comunitat-valenciana\/2024\/02\/05\/felipe-orts-cierra-su-ano-magico-con-el-top10-mundialista-radio-benidorm\/\" target=\"_blank\" rel=\"noopener\">su mejor resultado de siempre en un Mundial<\/a> y sum\u00f3 un total de seis triunfos.<\/p>   <p>Con ese bagaje, el 31 de diciembre puso fin a su paso por el equipo Burgos-BH y el d\u00eda de A\u00f1o Nuevo se visti\u00f3 por primera vez con el maillot del La Vila Joiosa-N\u00e9teo en el circuito de Baal (B\u00e9lgica), hogar del que, junto a Van der Poel, est\u00e1 considerado el mejor \u2018crosser\u2019 de todos los tiempos: Sven Nys.<\/p>   <p>Ahora, tras un breve periodo de descanso, Felipe Orts arranca no s\u00f3lo una nueva temporada, sino una nueva etapa en su carrera deportiva en la que dejar\u00e1 aparcada la carretera para centrarse, sobre todo, en la bici de monta\u00f1a y tambi\u00e9n en el gravel.<\/p>   <p>Y todo, con el sue\u00f1o ol\u00edmpico de Los \u00c1ngeles 2028 como gran meta futura aunque para eso todav\u00eda queda mucho tiempo y muchos objetivos intermedios.<\/p>   <p>Antes de todo eso, en cualquier caso, toca darse un ba\u00f1o de masas junto a su afici\u00f3n m\u00e1s cercana, la de \u2018casa\u2019 este viernes en la playa Centro de La Vila.<\/p> ","protected":false},"excerpt":{"rendered":"<p>El mejor especialista espa\u00f1ol de ciclocross de todos los tiempos compartir\u00e1 un emotivo acto con la afici\u00f3n este viernes en la playa Centro<\/p>\n","protected":false},"author":0,"featured_media":2833,"comment_status":"open","ping_status":"open","sticky":false,"template":"","format":"standard","meta":{"_acf_changed":false,"footnotes":""},"categories":[16],"tags":[],"class_list":["post-2832","post","type-post","status-publish","format-standard","has-post-thumbnail","hentry","category-deportes"],"acf":{"ser_id":"RN62UTW6IZDO7CZEORWKSBOYDE","ser_url":"https:\/\/cadenaser.com\/comunitat-valenciana\/2024\/02\/29\/felipe-orts-prepara-una-fiesta-del-ciclismo-para-toda-la-comarca-en-la-vila-radio-benidorm\/"},"_links":{"self":[{"href":"https:\/\/serbenidorm.daliisolutions.com\/index.php\/wp-json\/wp\/v2\/posts\/2832","targetHints":{"allow":["GET"]}}],"collection":[{"href":"https:\/\/serbenidorm.daliisolutions.com\/index.php\/wp-json\/wp\/v2\/posts"}],"about":[{"href":"https:\/\/serbenidorm.daliisolutions.com\/index.php\/wp-json\/wp\/v2\/types\/post"}],"replies":[{"embeddable":true,"href":"https:\/\/serbenidorm.daliisolutions.com\/index.php\/wp-json\/wp\/v2\/comments?post=2832"}],"version-history":[{"count":0,"href":"https:\/\/serbenidorm.daliisolutions.com\/index.php\/wp-json\/wp\/v2\/posts\/2832\/revisions"}],"wp:featuredmedia":[{"embeddable":true,"href":"https:\/\/serbenidorm.daliisolutions.com\/index.php\/wp-json\/wp\/v2\/media\/2833"}],"wp:attachment":[{"href":"https:\/\/serbenidorm.daliisolutions.com\/index.php\/wp-json\/wp\/v2\/media?parent=2832"}],"wp:term":[{"taxonomy":"category","embeddable":true,"href":"https:\/\/serbenidorm.daliisolutions.com\/index.php\/wp-json\/wp\/v2\/categories?post=2832"},{"taxonomy":"post_tag","embeddable":true,"href":"https:\/\/serbenidorm.daliisolutions.com\/index.php\/wp-json\/wp\/v2\/tags?post=2832"}],"curies":[{"name":"wp","href":"https:\/\/api.w.org\/{rel}","templated":true}]}}