{"id":2861,"date":"2024-03-01T11:45:13","date_gmt":"2024-03-01T10:45:13","guid":{"rendered":"https:\/\/serbenidorm.daliisolutions.com\/index.php\/2024\/03\/01\/nuevas-paradas-y-frecuencias-de-los-autobuses-urbanos-de-la-vila-joiosa\/"},"modified":"2024-03-01T11:45:13","modified_gmt":"2024-03-01T10:45:13","slug":"nuevas-paradas-y-frecuencias-de-los-autobuses-urbanos-de-la-vila-joiosa","status":"publish","type":"post","link":"https:\/\/serbenidorm.daliisolutions.com\/index.php\/2024\/03\/01\/nuevas-paradas-y-frecuencias-de-los-autobuses-urbanos-de-la-vila-joiosa\/","title":{"rendered":"Nuevas paradas y frecuencias de los autobuses urbanos de La Vila Joiosa"},"content":{"rendered":"  <p>La Vila Joiosa<\/p>   <p>Este viernes el servicio de transporte urbano de La Vila Joiosa ampl\u00eda su recorrido, de manera que, por una parte, aumenta el n\u00famero de paradas y, por otra parte, el de la frecuencia de viajes.<\/p>   <p>La<a href=\"https:\/\/cadenaser.com\/tag\/vila_joiosa\/a\/\" target=\"_blank\" rel=\"noopener\"> l\u00ednea 21<\/a>, que cubre el trayecto desde el polideportivo Maisa Lloret hasta el centro social Llar del Pensionista, ampl\u00eda el recorrido con el aumento del n\u00famero de paradas e incluye una parada en el residencial Solgarden, situada en la partida Damunt l\u2019Horta, y recorrer\u00e1 la playa hacia les Puntes del Moro, de manera que tambi\u00e9n dispondr\u00e1 de una parada en la calle Alicante, junto al Hospital Asilo Santa Marta.<\/p>  <p><p>M\u00e1s informaci\u00f3n<\/p><figure><img decoding=\"async\" src=\"https:\/\/cadenaser.com\/resizer\/9CZGU0aHZKvET8AwBy3bE1SU8K0=\/650x366\/filters:quality(70)\/cloudfront-eu-central-1.images.arcpublishing.com\/prisaradio\/RUN65PRPVJEYJENDW6LALKK7UM.jpeg\" loading=\"lazy\" width=\"828\" height=\"621\" \/><\/figure><ul><li><a href=\"https:\/\/cadenaser.com\/comunitat-valenciana\/2024\/02\/26\/los-pescadores-de-la-vila-joiosa-se-unen-a-las-protestas-de-los-agricultores-en-madrid-radio-benidorm\/\">Los pescadores de La Vila Joiosa en huelga y protestando junto a los agricultores en Madrid<\/a><\/li><\/ul><\/p>   <p>La<a href=\"https:\/\/cadenaser.com\/tag\/vila_joiosa\/a\/\" target=\"_blank\" rel=\"noopener\"> l\u00ednea 23<\/a>, que recorre la localidad desde la partida Tellerola hasta la zona del Mont\u00edboli, aumenta la frecuencia de los servicios a 1 hora, de manera que el tiempo de espera entre los servicios se reduce 30 minutos.<\/p>   <p>El concejal de Movilidad Urbana, Jaime Santamar\u00eda, explica que \u201cel objetivo de estas modificaciones en las l\u00edneas urbanas es mejorar el servicio al ciudadano y garantizar la movilidad y la accesibilidad de los vecinos dentro del municipio. Debemos fomentar el uso del transporte p\u00fablico no solo para facilitar los traslados de los ciudadanos, sino tambi\u00e9n para contribuir a la reducci\u00f3n del uso de veh\u00edculos privados en la localidad\u201d.<\/p>   <p>Por su parte, la l\u00ednea 22, que ofrece el servicio de transporte los domingos y festivos al cementerio municipal, se mantiene con el horario actual.<\/p>   <p>Esta ampliaci\u00f3n del servicio de autobuses urbanos se suma al aumento de servicios de transporte p\u00fablico en la comarca, que permite conectar La Vila con el resto de municipios y con el Hospital Comarcal Marina Baixa. Entre estos trayectos, destaca la l\u00ednea 54, que conecta el centro urbano con La Cala y el centro de Benidorm, y cuya l\u00ednea ofrece frecuencias de servicio cada 30 minutos hasta la estaci\u00f3n intermodal de Benidorm.<\/p> ","protected":false},"excerpt":{"rendered":"<p>Cambios que afectan desde este viernes a las l\u00edneas 21 y 23<\/p>\n","protected":false},"author":0,"featured_media":2862,"comment_status":"open","ping_status":"open","sticky":false,"template":"","format":"standard","meta":{"_acf_changed":false,"footnotes":""},"categories":[1],"tags":[],"class_list":["post-2861","post","type-post","status-publish","format-standard","has-post-thumbnail","hentry","category-sin-categoria"],"acf":{"ser_id":"2M7T3JPWB5DTRFDXXW4CGPAHYI","ser_url":"https:\/\/cadenaser.com\/comunitat-valenciana\/2024\/03\/01\/nuevas-paradas-y-frecuencias-de-los-autobuses-urbanos-de-la-vila-joiosa-radio-benidorm\/"},"_links":{"self":[{"href":"https:\/\/serbenidorm.daliisolutions.com\/index.php\/wp-json\/wp\/v2\/posts\/2861","targetHints":{"allow":["GET"]}}],"collection":[{"href":"https:\/\/serbenidorm.daliisolutions.com\/index.php\/wp-json\/wp\/v2\/posts"}],"about":[{"href":"https:\/\/serbenidorm.daliisolutions.com\/index.php\/wp-json\/wp\/v2\/types\/post"}],"replies":[{"embeddable":true,"href":"https:\/\/serbenidorm.daliisolutions.com\/index.php\/wp-json\/wp\/v2\/comments?post=2861"}],"version-history":[{"count":0,"href":"https:\/\/serbenidorm.daliisolutions.com\/index.php\/wp-json\/wp\/v2\/posts\/2861\/revisions"}],"wp:featuredmedia":[{"embeddable":true,"href":"https:\/\/serbenidorm.daliisolutions.com\/index.php\/wp-json\/wp\/v2\/media\/2862"}],"wp:attachment":[{"href":"https:\/\/serbenidorm.daliisolutions.com\/index.php\/wp-json\/wp\/v2\/media?parent=2861"}],"wp:term":[{"taxonomy":"category","embeddable":true,"href":"https:\/\/serbenidorm.daliisolutions.com\/index.php\/wp-json\/wp\/v2\/categories?post=2861"},{"taxonomy":"post_tag","embeddable":true,"href":"https:\/\/serbenidorm.daliisolutions.com\/index.php\/wp-json\/wp\/v2\/tags?post=2861"}],"curies":[{"name":"wp","href":"https:\/\/api.w.org\/{rel}","templated":true}]}}