{"id":2864,"date":"2024-03-01T14:22:39","date_gmt":"2024-03-01T13:22:39","guid":{"rendered":"https:\/\/serbenidorm.daliisolutions.com\/index.php\/2024\/03\/01\/isabel-ordaz-pi-dhonor-2024-de-la-mostra-de-teatre-de-lalfas\/"},"modified":"2024-03-01T14:22:39","modified_gmt":"2024-03-01T13:22:39","slug":"isabel-ordaz-pi-dhonor-2024-de-la-mostra-de-teatre-de-lalfas","status":"publish","type":"post","link":"https:\/\/serbenidorm.daliisolutions.com\/index.php\/2024\/03\/01\/isabel-ordaz-pi-dhonor-2024-de-la-mostra-de-teatre-de-lalfas\/","title":{"rendered":"Isabel Ordaz, Pi d&#8217;Honor 2024  de la Mostra de Teatre de l&#8217;Alf\u00e0s"},"content":{"rendered":"  <p>L&#8217;Alf\u00e0s del Pi<\/p>   <p>Isabel Ordaz, una de las actrices m\u00e1s queridas por su trabajo en televisi\u00f3n interpretando a personajes tan populares como \u2018La Hierbas\u2019 de la m\u00edtica serie \u2018Aqu\u00ed no hay quien viva\u2019, va a ser premiada con el Pi d\u2019Honor 2024 de la 22\u00aa Mostra de Teatre de l&#8217;Alf\u00e0s el pr\u00f3ximo 23 de marzo tras la puesta en escena de &#8216;La Profesora&#8217;, comedia dram\u00e1tica que interpreta junto al actor Marcial \u00c1lvarez.<\/p>   <p>El alcalde de l\u2019Alf\u00e0s del Pi Vicente Arques y el concejal de Cultura Manuel Casado han presentado este viernes la nueva edici\u00f3n de la Mostra, una de las ofertas culturales m\u00e1s importantes del municipio, seg\u00fan ha querido destacar Arques: \u201c<a href=\"https:\/\/cadenaser.com\/tag\/lalfas_del_pi\/a\/\" target=\"_blank\" rel=\"noopener\">La Mostra se desarrolla, como todos los a\u00f1os desde su nacimiento, en la Casa de Cultura, que ma\u00f1ana celebra su 33 aniversario, lo que nos viene a recordar que es uno de los primeros centros culturales construidos, no s\u00f3lo en la comarca sino en la provincia, y eso adem\u00e1s de enorgullecernos nos posiciona como un municipio pionero en materia cultural<\/a>\u201d.<\/p>   <p>Programa<\/p>   <p>La Mostra comienza con el ciclo de Teatro Amateur el lunes 11 de marzo y el ciclo de Teatro Profesional arranca el mi\u00e9rcoles 20 de marzo:<\/p>   <p><li>Mi\u00e9rcoles 20 de marzo, 21:00h con WARLETTA CREACIONES y la obra de teatro \u201c\u00daLTIMA PLANTA\u201d. Texto y Direcci\u00f3n de Jos\u00e9 Warletta e interpretada por: Eva Rodr\u00edguez, Miguel de Miguel, Fernando Bodega, Joseba Priego y Dolores Cardona. Una divertida comedia que discurre en la Antesala del Cielo, que llega repleta de risas y donde todo el mundo tiene cabida como podr\u00e1n comprobar desde el patio de butacas. <\/li><li>Jueves 21 de marzo, 21:00h la compa\u00f1\u00eda de teatro YLLANA presentara \u201cBABY WAR\u201d. Idea original de Marcos Ottone, Juan F. Ramos, Joe O\u2019Curneen, Fidel Fern\u00e1ndez y David Ottone e interpretada por Fidel Fern\u00e1ndez, Juanfran Dorado, Luis Cao, Jony El\u00edas y Ra\u00fal Cano Cano. Yllana que nunca falta en la Mostra de Teatre de l\u2019Alf\u00e0s, \u00fanica compa\u00f1\u00eda galardonada por la Mostra, ofrecer\u00e1 como es propio en ellos un espect\u00e1culo divertido, lleno de humor, gags visuales y locura c\u00f3mica, pero que tambi\u00e9n sabe caminar sobre la cuerda floja y utilizar la comedia como arma arrojadiza ante el sinsentido de la guerra. <\/li><li>Viernes, 22 de marzo, 21:00h CHP TEATRO presentar\u00e1 a Secun de la Rosa en \u201cLAS PISCINAS DE LA BARCELONETA\u201d, escrita y dirigida por Secun de la Rosa.Sebasti\u00e1n Alonso Roca, un hombre de mediana edad, que atraviesa por un momento crucial en su vida, acude invitado a un acto organizado por la asociaci\u00f3n de vecinos para conmemorar los 50 a\u00f1os del barrio de su infancia, uno de esos barrios creados para acoger a la bolsa de poblaci\u00f3n inmigrante en el extrarradio de la Barcelona de los 70. Lo que comienza siendo un verano anecd\u00f3tico, se convierte en la mayor aventura de su vida. <\/li><li>S\u00e1bado, 23 de marzo, 21:00h SECUENCIA 3 pone en escena la obra de teatro \u201cLA PROFESORA\u201d. Texto de Eduardo Gal\u00e1n y direcci\u00f3n de Carla Nyman, protagonizada por Isabel Ordaz y Marcial \u00c1lvarez. Una comedia dram\u00e1tica de madurez interpretada por Marcial \u00c1lvarez y la homenajeada que recoger\u00e1 su Pi d\u2019Honor al t\u00e9rmino de la funci\u00f3n, Isabel Ordaz. Un texto de Eduardo Gal\u00e1n, que utiliza la comedia para poner en acci\u00f3n preguntas como los l\u00edmites de la educaci\u00f3n, el miedo a la soledad, el poder redentor de la cultura y la dificultad de la sociedad y las familias para aceptar la diferencia y superar los roles de g\u00e9nero.<\/li><\/p>   <p>El Teatro Infantil se encargar\u00e1 de clausurar la Mostra el domingo 24 de marzo, 17:30h con \u201cRAPUNZEL, un musical muy peliagudo\u201d. EVENTIME PRODUCCIONES presenta este musical para todos los p\u00fablicos. Basado en un cuento de los Hermanos Grimm, muestra c\u00f3mo dejarnos guiar por el coraz\u00f3n para tener la vida que deseamos.<\/p>   <p>C\u00f3mo conseguir las entradas<\/p>   <p>Todas las obras comenzar\u00e1n a las 21:00 horas en el auditorio de la Casa de Cultura de l\u2019Alf\u00e0s, salvo el musical infantil el domingo 24 de marzo, a las 17.30 horas. Las entradas se ponen hoy a la venta a trav\u00e9s de Instanticket, y en la taquilla de la Casa de Cultura en horario de lunes a viernes de 10.00 horas a 13.00 horas, y de 17.00 horas a 19.00 horas. <\/p>   <p><li>Entrada general: 12 euros<\/li><li>Descuento para jubilados y j\u00f3venes: 10 euros<\/li><li>Teatro amateur e infantil: 3 euros<\/li><li>El abono general para cuatro funciones es de 36 euros y el abono descuento para jubilados y j\u00f3venes de 30 euros<\/li><\/p> ","protected":false},"excerpt":{"rendered":"<p>La Mostra se celebra del 11 al 24 de marzo<\/p>\n","protected":false},"author":0,"featured_media":2865,"comment_status":"open","ping_status":"open","sticky":false,"template":"","format":"standard","meta":{"_acf_changed":false,"footnotes":""},"categories":[1],"tags":[],"class_list":["post-2864","post","type-post","status-publish","format-standard","has-post-thumbnail","hentry","category-sin-categoria"],"acf":{"ser_id":"APUJCVRRTVARBITL55FFEMO3J4","ser_url":"https:\/\/cadenaser.com\/comunitat-valenciana\/2024\/03\/01\/isabel-ordaz-pi-dhonor-2024-de-la-mostra-de-teatre-de-lalfas-radio-benidorm\/"},"_links":{"self":[{"href":"https:\/\/serbenidorm.daliisolutions.com\/index.php\/wp-json\/wp\/v2\/posts\/2864","targetHints":{"allow":["GET"]}}],"collection":[{"href":"https:\/\/serbenidorm.daliisolutions.com\/index.php\/wp-json\/wp\/v2\/posts"}],"about":[{"href":"https:\/\/serbenidorm.daliisolutions.com\/index.php\/wp-json\/wp\/v2\/types\/post"}],"replies":[{"embeddable":true,"href":"https:\/\/serbenidorm.daliisolutions.com\/index.php\/wp-json\/wp\/v2\/comments?post=2864"}],"version-history":[{"count":0,"href":"https:\/\/serbenidorm.daliisolutions.com\/index.php\/wp-json\/wp\/v2\/posts\/2864\/revisions"}],"wp:featuredmedia":[{"embeddable":true,"href":"https:\/\/serbenidorm.daliisolutions.com\/index.php\/wp-json\/wp\/v2\/media\/2865"}],"wp:attachment":[{"href":"https:\/\/serbenidorm.daliisolutions.com\/index.php\/wp-json\/wp\/v2\/media?parent=2864"}],"wp:term":[{"taxonomy":"category","embeddable":true,"href":"https:\/\/serbenidorm.daliisolutions.com\/index.php\/wp-json\/wp\/v2\/categories?post=2864"},{"taxonomy":"post_tag","embeddable":true,"href":"https:\/\/serbenidorm.daliisolutions.com\/index.php\/wp-json\/wp\/v2\/tags?post=2864"}],"curies":[{"name":"wp","href":"https:\/\/api.w.org\/{rel}","templated":true}]}}