{"id":29,"date":"2023-11-29T15:21:07","date_gmt":"2023-11-29T14:21:07","guid":{"rendered":"https:\/\/serbenidorm.daliisolutions.com\/index.php\/2023\/11\/29\/hurta-una-cadena-de-oro-de-6-000-euros-en-benidorm-y-es-detenida-por-subir-fotos-con-ella-a-redes\/"},"modified":"2023-11-29T15:21:07","modified_gmt":"2023-11-29T14:21:07","slug":"hurta-una-cadena-de-oro-de-6-000-euros-en-benidorm-y-es-detenida-por-subir-fotos-con-ella-a-redes","status":"publish","type":"post","link":"https:\/\/serbenidorm.daliisolutions.com\/index.php\/2023\/11\/29\/hurta-una-cadena-de-oro-de-6-000-euros-en-benidorm-y-es-detenida-por-subir-fotos-con-ella-a-redes\/","title":{"rendered":"Hurta una cadena de oro de 6.000 euros en Benidorm y es detenida por subir fotos con ella a redes"},"content":{"rendered":" Benidorm  Una mujer de 39 a\u00f1os que supuestamente hab\u00eda <a href=\"https:\/\/cadenaser.com\/tag\/benidorm\/a\/\" target=\"_blank\" rel=\"noopener\">hurtado a un turista brit\u00e1nico de Benidorm una cadena de oro valorada en 6.000 euros<\/a> ha sido identificada y detenida gracias a que se hizo hecho fotograf\u00edas con ella y las colg\u00f3 en una conocida red social.  La <a href=\"https:\/\/cadenaser.com\/tag\/policia_nacional\/a\/\" target=\"_blank\" rel=\"noopener\">Polic\u00eda Nacional<\/a> ha informado este jueves de que se considera que la arrestada, de nacionalidad b\u00falgara y a quien no se le ha encontrado la cadena, escogi\u00f3 a un visitante brit\u00e1nico que esperaba de madrugada un taxi para ir al hotel para, mediante el m\u00e9todo del \u201cabrazo cari\u00f1oso\u201d, hacerse con la referida cadena y tambi\u00e9n con 700 euros en met\u00e1lico que portaba en una bandolera colgada del hombro.  Seg\u00fan la denuncia de la v\u00edctima, esta mujer con un marcado acento del este de Europa se le acerc\u00f3 pidi\u00e9ndole que se fuera con ella, y comenz\u00f3 a abrazarlo y a tocarle por todo el cuerpo de forma aparentemente amistosa. Tras rechazar la propuesta, la v\u00edctima tom\u00f3 su taxi y se march\u00f3 al hotel, y una vez all\u00ed se percat\u00f3 de que esta mujer le acababa de desvalijar.  <p>M\u00e1s informaci\u00f3n<\/p><figure><img decoding=\"async\" src=\"https:\/\/cadenaser.com\/resizer\/VcrcUkxJ5Xq0E7uu681eIl3B2o0=\/650x366\/filters:quality(70)\/cloudfront-eu-central-1.images.arcpublishing.com\/prisaradio\/YA3ZPK3D4NFXVHLZD2OFARIJC4.JPG\" loading=\"lazy\" width=\"828\" height=\"621\" \/><\/figure><ul><li><a href=\"https:\/\/cadenaser.com\/comunitat-valenciana\/2023\/11\/22\/la-guardia-civil-y-la-policia-local-de-relleu-desmantelan-una-plantacion-de-marihuana-y-detienen-a-sus-responsables-radio-benidorm\/\">La Guardia Civil y la Polic\u00eda Local de Relleu desmantelan una plantaci\u00f3n de marihuana y detienen a sus responsables<\/a><\/li><\/ul>  Antes de acudir a la Polic\u00eda, al d\u00eda siguiente el turista regres\u00f3 al mismo lugar por si encontraba a la ladrona y, si bien no tuvo \u00e9xito, otra mujer le dijo que la conoc\u00eda y que la hab\u00eda visto en una red social portando la cadena que result\u00f3 ser la sustra\u00edda.  La detenida cuenta con antecedentes policiales por hechos similares y ha sido puesta a disposici\u00f3n judicial por un presunto delito de hurto, mientras los agentes siguen buscando la valiosa cadena.   ","protected":false},"excerpt":{"rendered":"<p>La v\u00edctima del robo fue un turista ingl\u00e9s<\/p>\n","protected":false},"author":0,"featured_media":30,"comment_status":"open","ping_status":"open","sticky":false,"template":"","format":"standard","meta":{"_acf_changed":false,"footnotes":""},"categories":[1],"tags":[],"class_list":["post-29","post","type-post","status-publish","format-standard","has-post-thumbnail","hentry","category-sin-categoria"],"acf":{"ser_id":"A5XRYCOW7VGZJKUJ3SSF7E6DJI","ser_url":""},"_links":{"self":[{"href":"https:\/\/serbenidorm.daliisolutions.com\/index.php\/wp-json\/wp\/v2\/posts\/29","targetHints":{"allow":["GET"]}}],"collection":[{"href":"https:\/\/serbenidorm.daliisolutions.com\/index.php\/wp-json\/wp\/v2\/posts"}],"about":[{"href":"https:\/\/serbenidorm.daliisolutions.com\/index.php\/wp-json\/wp\/v2\/types\/post"}],"replies":[{"embeddable":true,"href":"https:\/\/serbenidorm.daliisolutions.com\/index.php\/wp-json\/wp\/v2\/comments?post=29"}],"version-history":[{"count":0,"href":"https:\/\/serbenidorm.daliisolutions.com\/index.php\/wp-json\/wp\/v2\/posts\/29\/revisions"}],"wp:featuredmedia":[{"embeddable":true,"href":"https:\/\/serbenidorm.daliisolutions.com\/index.php\/wp-json\/wp\/v2\/media\/30"}],"wp:attachment":[{"href":"https:\/\/serbenidorm.daliisolutions.com\/index.php\/wp-json\/wp\/v2\/media?parent=29"}],"wp:term":[{"taxonomy":"category","embeddable":true,"href":"https:\/\/serbenidorm.daliisolutions.com\/index.php\/wp-json\/wp\/v2\/categories?post=29"},{"taxonomy":"post_tag","embeddable":true,"href":"https:\/\/serbenidorm.daliisolutions.com\/index.php\/wp-json\/wp\/v2\/tags?post=29"}],"curies":[{"name":"wp","href":"https:\/\/api.w.org\/{rel}","templated":true}]}}