{"id":2900,"date":"2024-03-03T12:18:17","date_gmt":"2024-03-03T11:18:17","guid":{"rendered":"https:\/\/serbenidorm.daliisolutions.com\/index.php\/2024\/03\/03\/la-vila-joiosa-celebra-felipe-orts-tras-su-mejor-invierno-y-antes-del-arranque-de-su-nueva-etapa\/"},"modified":"2024-03-03T12:18:17","modified_gmt":"2024-03-03T11:18:17","slug":"la-vila-joiosa-celebra-felipe-orts-tras-su-mejor-invierno-y-antes-del-arranque-de-su-nueva-etapa","status":"publish","type":"post","link":"https:\/\/serbenidorm.daliisolutions.com\/index.php\/2024\/03\/03\/la-vila-joiosa-celebra-felipe-orts-tras-su-mejor-invierno-y-antes-del-arranque-de-su-nueva-etapa\/","title":{"rendered":"La Vila Joiosa celebra Felipe Orts tras su mejor invierno y antes del arranque de su nueva etapa"},"content":{"rendered":"  <p>Benidorm<\/p>   <p>La playa Centro de La Vila Joisa acogi\u00f3 en la tarde de este viernes un emotivo acto en el que decenas de vileros, aficionados y no al ciclismo, quisieron acompa\u00f1ar a uno de sus vecinos m\u00e1s ilustres, el ciclista <a href=\"https:\/\/cadenaser.com\/tag\/felipe_orts_lloret\/a\/\" target=\"_blank\" rel=\"noopener\">Felipe Orts<\/a>, que presentaba en sociedad <a href=\"https:\/\/cadenaser.com\/comunitat-valenciana\/2023\/12\/21\/la-vila-joiosa-sera-el-principal-patrocinador-de-felipe-orts-radio-benidorm\/\" target=\"_blank\" rel=\"noopener\">el proyecto del equipo La Vila Joiosa-N\u00e9teo<\/a>, con el que lleva corriendo desde el pasado d\u00eda 1 de enero, cuando se enfund\u00f3 por primera vez ese maillot en el circuito belga de Baal.<\/p>   <p>En cualquier caso, el acto arranc\u00f3 con el propio Felipe Orts haciendo un r\u00e1pido y emocionado repaso a la que ha sido, sin lugar a dudas, su mejor campa\u00f1a de ciclocross en su carrera deportiva.<\/p>   <p>As\u00ed, durante el pasado invierno no s\u00f3lo consigui\u00f3 un total de seis triunfos, sino que tambi\u00e9n se convirti\u00f3 en <a href=\"https:\/\/cadenaser.com\/comunitat-valenciana\/2024\/01\/15\/felipe-sexto-de-espana-radio-benidorm\/\" target=\"_blank\" rel=\"noopener\">el primer ciclista en sumar seis t\u00edtulos de campe\u00f3n de Espa\u00f1a de manera consecutiva<\/a>, el primer espa\u00f1ol en subir a <a href=\"https:\/\/cadenaser.com\/comunitat-valenciana\/2023\/11\/11\/felipe-orts-primer-podio-espanol-en-el-superprestigio-radio-benidorm\/\" target=\"_blank\" rel=\"noopener\">un podio del Superprestigio<\/a>, obtuvo el <a href=\"https:\/\/cadenaser.com\/comunitat-valenciana\/2023\/10\/29\/felipe-orts-hace-historia-y-consigue-el-primer-top5-de-un-espanol-en-la-copa-del-mundo-de-ciclocross-radio-benidorm\/\" target=\"_blank\" rel=\"noopener\">mejor resultado de siempre del ciclismo espa\u00f1ol en una Copa del Mundo<\/a> y obtuvo el tan buscado <a href=\"https:\/\/cadenaser.com\/comunitat-valenciana\/2024\/02\/05\/felipe-orts-cierra-su-ano-magico-con-el-top10-mundialista-radio-benidorm\/\" target=\"_blank\" rel=\"noopener\">top-10 en el Mundial de T\u00e1bor<\/a> antes de dar carpetazo a la temporada con la novena plaza en la clasificaci\u00f3n mundial (primer corredor no belga o neerland\u00e9s del mismo).<\/p>   <p>El acto, adem\u00e1s, cont\u00f3 con la presencia del de La Vila Joiosa, Marcos Zaragoza, que se ha mostrado \u201cmuy satisfecho con el rendimiento de Felipe Orts en la temporada de ciclocross\u201d resaltando \u201cla gran imagen que ha dado de la localidad por todo el mundo\u201d. Tambi\u00e9n ha asistido el concejal de deportes Pedro Antonio Lloret, que ha reafirmado \u201cel compromiso del ayuntamiento con un proyecto de casa que ayudar\u00e1 a expandir este deporte en el municipio\u201d.<\/p>   <p>Por su parte, Francisco Bartual, gerente de N\u00e9teo, ha querido destacar \u201cel gran impacto que ha tenido el proyecto en estos primeros meses de actividad\u201d.<\/p>   <p>En su turno de intervenci\u00f3n, Felipe Orts \u201cha agradecido la presencia masiva del p\u00fablico de La Vila Joiosa al acto, recalcando el orgullo que supone para el ser un abanderado del municipio por todo el mundo\u201d.<\/p>   <p>Durante el evento, adem\u00e1s, se ha desvelado el calendario de carreras que disputar\u00e1 Felipe en Mountain Bike, resaltando su participaci\u00f3n en la Copa de Espa\u00f1a, que contar\u00e1 con pruebas en Valladolid, Madrid, Zaragoza y Castell\u00f3n; en el Campeonato de Espa\u00f1a, que se celebrar\u00e1 en Huelva y que es uno de los grandes objetivos; el Super Prestigio o vueltas por etapas de gran entidad dentro del calendario nacional como La Rioja Bike Race o la Vuelta a Ibiza BTT.<\/p>   <p>Orts tambi\u00e9n se adentrar\u00e1 en el gravel, una modalidad id\u00f3nea para preparar la pretemporada de ciclocross. Hasta el momento, el alicantino ya ha confirmado su presencia en la Castell\u00f3n Gravel Race y en el Campeonato de Espa\u00f1a en Santo Domingo de Silos (Burgos).<\/p>   <p>En la presentaci\u00f3n, tambi\u00e9n se ha realizado una exposici\u00f3n de las bicicletas BH de Felipe Orts, que han causado furor entre los all\u00ed presentes, y de la carpa y la caravana del equipo.<\/p> ","protected":false},"excerpt":{"rendered":"<p>Desde el pasado 1 de enero defiende los colores del La Vila Joiosa-N\u00e9teo con el que el pr\u00f3ximo fin de semana inicia la temporada de bici de monta\u00f1a<\/p>\n","protected":false},"author":0,"featured_media":2901,"comment_status":"open","ping_status":"open","sticky":false,"template":"","format":"standard","meta":{"_acf_changed":false,"footnotes":""},"categories":[16],"tags":[],"class_list":["post-2900","post","type-post","status-publish","format-standard","has-post-thumbnail","hentry","category-deportes"],"acf":{"ser_id":"WMS6UJGOJBAYJCC7OODZZMWTAE","ser_url":"https:\/\/cadenaser.com\/comunitat-valenciana\/2024\/03\/03\/la-vila-joiosa-celebra-felipe-orts-tras-su-mejor-invierno-y-antes-del-arranque-de-su-nueva-etapa-radio-benidorm\/"},"_links":{"self":[{"href":"https:\/\/serbenidorm.daliisolutions.com\/index.php\/wp-json\/wp\/v2\/posts\/2900","targetHints":{"allow":["GET"]}}],"collection":[{"href":"https:\/\/serbenidorm.daliisolutions.com\/index.php\/wp-json\/wp\/v2\/posts"}],"about":[{"href":"https:\/\/serbenidorm.daliisolutions.com\/index.php\/wp-json\/wp\/v2\/types\/post"}],"replies":[{"embeddable":true,"href":"https:\/\/serbenidorm.daliisolutions.com\/index.php\/wp-json\/wp\/v2\/comments?post=2900"}],"version-history":[{"count":0,"href":"https:\/\/serbenidorm.daliisolutions.com\/index.php\/wp-json\/wp\/v2\/posts\/2900\/revisions"}],"wp:featuredmedia":[{"embeddable":true,"href":"https:\/\/serbenidorm.daliisolutions.com\/index.php\/wp-json\/wp\/v2\/media\/2901"}],"wp:attachment":[{"href":"https:\/\/serbenidorm.daliisolutions.com\/index.php\/wp-json\/wp\/v2\/media?parent=2900"}],"wp:term":[{"taxonomy":"category","embeddable":true,"href":"https:\/\/serbenidorm.daliisolutions.com\/index.php\/wp-json\/wp\/v2\/categories?post=2900"},{"taxonomy":"post_tag","embeddable":true,"href":"https:\/\/serbenidorm.daliisolutions.com\/index.php\/wp-json\/wp\/v2\/tags?post=2900"}],"curies":[{"name":"wp","href":"https:\/\/api.w.org\/{rel}","templated":true}]}}