{"id":2908,"date":"2024-03-04T08:45:50","date_gmt":"2024-03-04T07:45:50","guid":{"rendered":"https:\/\/serbenidorm.daliisolutions.com\/index.php\/2024\/03\/04\/mueren-tres-personas-y-otras-quince-resultan-heridas-en-el-incendio-de-un-edificio-en-la-vila-joiosa-alicante\/"},"modified":"2024-03-04T08:45:50","modified_gmt":"2024-03-04T07:45:50","slug":"mueren-tres-personas-y-otras-quince-resultan-heridas-en-el-incendio-de-un-edificio-en-la-vila-joiosa-alicante","status":"publish","type":"post","link":"https:\/\/serbenidorm.daliisolutions.com\/index.php\/2024\/03\/04\/mueren-tres-personas-y-otras-quince-resultan-heridas-en-el-incendio-de-un-edificio-en-la-vila-joiosa-alicante\/","title":{"rendered":"Mueren tres personas y otras quince resultan heridas en el incendio de un edificio en La Vila Joiosa (Alicante)"},"content":{"rendered":"  <p>Vila Joiosa<\/p>   <p>A las 2:15 horas de la madrugada de este lunes se ha alertado al CICU de un incendio de vivienda en un edificio de la avenida Marineros de La Vila Joiosa. El CICU ha movilizado una unidad del SAMU, una unidad de SVB y dos ambulancias convencionales.<\/p>   <p>Como consecuencia del incendio han fallecido dos adultos y un menor de edad, de los que no se dispone la edad. Los servicios m\u00e9dicos han asistido a 15 personas por inhalaci\u00f3n de humo. De ellas 7 son mujeres, de entre 24 y 67 a\u00f1os; y 8 hombres, de entre 13 y 57 a\u00f1os.<\/p>   <p><div><blockquote class=\"twitter-tweet\"><p lang=\"es\" dir=\"ltr\">\ud83c\udf03Incidencias nocturnas:<br><br>(02:13h) Incendio en la und\u00e9cima planta de un edificio en la Vila-Joiosa, extinguido a las 07:34h.<br>Movilizadas:<br>\u27a1\ufe0f3 dotaciones <a href=\"https:\/\/twitter.com\/BomberosDipuALC?ref_src=twsrc%5Etfw\">@BomberosDipuALC<\/a> <br>\u27a1\ufe0f1 Samu, 1 SVB y una ambulancia no asistida<br><br>(02:40h) Incendio de vivienda en Elche.<br>Movilizadas:<br>\u27a1\ufe0f3\u2026<\/p>\u2014 Emerg\u00e8ncies 112CV (@GVA112) <a href=\"https:\/\/twitter.com\/GVA112\/status\/1764546162873286983?ref_src=twsrc%5Etfw\">March 4, 2024<\/a><\/blockquote>   <\/div><\/p>   <p>Uno de los hombres atendidos es polic\u00eda que ha sido dado de alta \u00abin situ\u00bb. Las 14 personas restantes han sido trasladadas al hospital Marina Baixa de La Vila Joiosa entre las dos ambulancias convencionales.<\/p>   <p>En las im\u00e1genes que se ven en X (antes Twitter) se aprecian las llamas en un piso 11 de un edificio de al menos 20 plantas.<\/p>   <p><div><blockquote class=\"twitter-tweet\"><p lang=\"es\" dir=\"ltr\">Incendio en Villajoyosa <a href=\"https:\/\/t.co\/4olZfeoNsB\">pic.twitter.com\/4olZfeoNsB<\/a><\/p>\u2014 F11 Peacekeeper (@frann636) <a href=\"https:\/\/twitter.com\/frann636\/status\/1764510036066201657?ref_src=twsrc%5Etfw\">March 4, 2024<\/a><\/blockquote>   <\/div><\/p> ","protected":false},"excerpt":{"rendered":"<p>A las 2:15 horas de la madrugada se ha alertado al CICU de un incendio de vivienda en un edificio de la avenida Marineros de La Vila Joiosa.<\/p>\n","protected":false},"author":0,"featured_media":2909,"comment_status":"open","ping_status":"open","sticky":false,"template":"","format":"standard","meta":{"_acf_changed":false,"footnotes":""},"categories":[1],"tags":[],"class_list":["post-2908","post","type-post","status-publish","format-standard","has-post-thumbnail","hentry","category-sin-categoria"],"acf":{"ser_id":"5AHURBGIMBAY7DT2Q6O2ENPHDQ","ser_url":"https:\/\/cadenaser.com\/comunitat-valenciana\/2024\/03\/04\/fallecen-tres-personas-y-otras-quince-resultan-heridas-en-un-incendio-de-vivienda-en-la-vila-joiosa-radio-benidorm\/"},"_links":{"self":[{"href":"https:\/\/serbenidorm.daliisolutions.com\/index.php\/wp-json\/wp\/v2\/posts\/2908","targetHints":{"allow":["GET"]}}],"collection":[{"href":"https:\/\/serbenidorm.daliisolutions.com\/index.php\/wp-json\/wp\/v2\/posts"}],"about":[{"href":"https:\/\/serbenidorm.daliisolutions.com\/index.php\/wp-json\/wp\/v2\/types\/post"}],"replies":[{"embeddable":true,"href":"https:\/\/serbenidorm.daliisolutions.com\/index.php\/wp-json\/wp\/v2\/comments?post=2908"}],"version-history":[{"count":0,"href":"https:\/\/serbenidorm.daliisolutions.com\/index.php\/wp-json\/wp\/v2\/posts\/2908\/revisions"}],"wp:featuredmedia":[{"embeddable":true,"href":"https:\/\/serbenidorm.daliisolutions.com\/index.php\/wp-json\/wp\/v2\/media\/2909"}],"wp:attachment":[{"href":"https:\/\/serbenidorm.daliisolutions.com\/index.php\/wp-json\/wp\/v2\/media?parent=2908"}],"wp:term":[{"taxonomy":"category","embeddable":true,"href":"https:\/\/serbenidorm.daliisolutions.com\/index.php\/wp-json\/wp\/v2\/categories?post=2908"},{"taxonomy":"post_tag","embeddable":true,"href":"https:\/\/serbenidorm.daliisolutions.com\/index.php\/wp-json\/wp\/v2\/tags?post=2908"}],"curies":[{"name":"wp","href":"https:\/\/api.w.org\/{rel}","templated":true}]}}