{"id":2916,"date":"2024-03-04T14:35:47","date_gmt":"2024-03-04T13:35:47","guid":{"rendered":"https:\/\/serbenidorm.daliisolutions.com\/index.php\/2024\/03\/04\/hoteles-poseidon-premio-radio-benidorm-a-la-empresa\/"},"modified":"2024-03-04T14:35:47","modified_gmt":"2024-03-04T13:35:47","slug":"hoteles-poseidon-premio-radio-benidorm-a-la-empresa","status":"publish","type":"post","link":"https:\/\/serbenidorm.daliisolutions.com\/index.php\/2024\/03\/04\/hoteles-poseidon-premio-radio-benidorm-a-la-empresa\/","title":{"rendered":"Hoteles Poseid\u00f3n, Premio Radio Benidorm a la Empresa"},"content":{"rendered":"  <p>Benidorm<\/p>   <p>Hoteles Poseid\u00f3n, marca comercial del grupo Hoteles Devesa, recibe este a\u00f1o el <a href=\"https:\/\/cadenaser.com\/comunitat-valenciana\/2024\/02\/14\/conoce-a-los-ganadores-de-la-ii-edicion-de-los-premios-radio-benidorm-radio-benidorm\/\" target=\"_blank\" rel=\"noopener\">Premio Radio Benidorm a la Empresa <\/a>por sus 50 a\u00f1os de historia.<\/p>   <p>El primer Hotel Poseid\u00f3n naci\u00f3 en 1973 bajo la direcci\u00f3n de Domingo Devesa, a quien est\u00e1 dedicado el CdT que Turisme Comunitat Valenciana tiene en Benidorm. 50 a\u00f1os despu\u00e9s, la cadena est\u00e1 liderada por su hermano Pere Joan Devesa y ha crecido hasta gestionar 8 hoteles en toda la Comunitat Valenciana. Una empresa enfocada, desde sus or\u00edgenes, al turismo familiar y la clase media europea.<\/p>   <p><a href=\"https:\/\/cadenaser.com\/comunitat-valenciana\/2022\/10\/13\/pere-joan-devesa-una-ciudad-en-altura-es-mucho-mas-sostenible-radio-benidorm\/\" target=\"_blank\" rel=\"noopener\">Pere Joan Devesa <\/a>nos cuenta en <a href=\"\/\/radiobenidorm.es\" rel=\"nofollow noopener\" target=\"_blank\">Hoy por Hoy Benidorm <\/a>que la saga familiar hostelera la empieza su abuelo Pedro Juan Mart\u00ednez Bald\u00f3 cuando en 1928 abre el Bar La Marina en el n\u00ba17 del Paseo de la Carretera de Benidorm. La siguiente generaci\u00f3n, los padres de Domingo, Pere Joan y Rosa Devesa, convirti\u00f3 en 1956 el bar en una pensi\u00f3n de 15 habitaciones con el mismo nombre. \u201cYo he nacido detr\u00e1s de la barra de un bar\u201d, rememora Pere Joan, \u201cpara mis padres fue un cambio muy importante pasar de regentar un bar a un hotelito vacacional\u201d.<\/p>   <p>Tras un peque\u00f1o par\u00f3n en la actividad, a finales de los 60, en los a\u00f1os 70 la tercera generaci\u00f3n, liderada por Domingo Devesa, abri\u00f3 el primer Hotel Poseid\u00f3n en lo que en su d\u00eda fue una parcela \u201ca las afueras de Benidorm\u201d que su abuelo adquiri\u00f3 para montar su huerto. \u201cDurante mucho tiempo fue nuestro \u00fanico hotel y en \u00e9l volcamos todos nuestros esfuerzos. Si pasar de un bar a una pensi\u00f3n de 15 habitaciones fue un cambio, pasar a gestionar un hotel de 246 habitaciones fue un mundo\u201d, relata.<\/p>   <p>Devesa tambi\u00e9n<a href=\"https:\/\/cadenaser.com\/comunitat-valenciana\/2022\/10\/24\/pere-joan-devesa-benidorm-era-como-un-poblado-del-oeste-donde-cada-dia-aparecian-edificios-nuevos-radio-benidorm\/\" target=\"_blank\" rel=\"noopener\"> recuerda esa \u00e9poca como un periodo \u201cde mucha efervescencia hotelera\u201d <\/a>donde en cuatro a\u00f1os \u201cse construyeron m\u00e1s de 18.000 plazas en la ciudad.<\/p> ","protected":false},"excerpt":{"rendered":"<p>Recibe el premio por sus 50 a\u00f1os de historia y por haber crecido hasta gestionar 8 hoteles enfocados al turismo familiar y la clase media europeas<\/p>\n","protected":false},"author":0,"featured_media":2917,"comment_status":"open","ping_status":"open","sticky":false,"template":"","format":"standard","meta":{"_acf_changed":false,"footnotes":""},"categories":[1],"tags":[],"class_list":["post-2916","post","type-post","status-publish","format-standard","has-post-thumbnail","hentry","category-sin-categoria"],"acf":{"ser_id":"RWM2USTOJVFQZAPWIGP4ZOQ2CM","ser_url":"https:\/\/cadenaser.com\/comunitat-valenciana\/2024\/03\/04\/hoteles-poseidon-premio-radio-benidorm-a-la-empresa-radio-benidorm\/"},"_links":{"self":[{"href":"https:\/\/serbenidorm.daliisolutions.com\/index.php\/wp-json\/wp\/v2\/posts\/2916","targetHints":{"allow":["GET"]}}],"collection":[{"href":"https:\/\/serbenidorm.daliisolutions.com\/index.php\/wp-json\/wp\/v2\/posts"}],"about":[{"href":"https:\/\/serbenidorm.daliisolutions.com\/index.php\/wp-json\/wp\/v2\/types\/post"}],"replies":[{"embeddable":true,"href":"https:\/\/serbenidorm.daliisolutions.com\/index.php\/wp-json\/wp\/v2\/comments?post=2916"}],"version-history":[{"count":0,"href":"https:\/\/serbenidorm.daliisolutions.com\/index.php\/wp-json\/wp\/v2\/posts\/2916\/revisions"}],"wp:featuredmedia":[{"embeddable":true,"href":"https:\/\/serbenidorm.daliisolutions.com\/index.php\/wp-json\/wp\/v2\/media\/2917"}],"wp:attachment":[{"href":"https:\/\/serbenidorm.daliisolutions.com\/index.php\/wp-json\/wp\/v2\/media?parent=2916"}],"wp:term":[{"taxonomy":"category","embeddable":true,"href":"https:\/\/serbenidorm.daliisolutions.com\/index.php\/wp-json\/wp\/v2\/categories?post=2916"},{"taxonomy":"post_tag","embeddable":true,"href":"https:\/\/serbenidorm.daliisolutions.com\/index.php\/wp-json\/wp\/v2\/tags?post=2916"}],"curies":[{"name":"wp","href":"https:\/\/api.w.org\/{rel}","templated":true}]}}