{"id":2927,"date":"2024-03-04T17:24:41","date_gmt":"2024-03-04T16:24:41","guid":{"rendered":"https:\/\/serbenidorm.daliisolutions.com\/index.php\/2024\/03\/04\/el-paro-vuelve-a-bajar-en-benidorm-y-la-marina-baixa-270-desempleados-menos-en-febrero\/"},"modified":"2024-03-04T17:24:41","modified_gmt":"2024-03-04T16:24:41","slug":"el-paro-vuelve-a-bajar-en-benidorm-y-la-marina-baixa-270-desempleados-menos-en-febrero","status":"publish","type":"post","link":"https:\/\/serbenidorm.daliisolutions.com\/index.php\/2024\/03\/04\/el-paro-vuelve-a-bajar-en-benidorm-y-la-marina-baixa-270-desempleados-menos-en-febrero\/","title":{"rendered":"El paro vuelve a bajar en Benidorm y la Marina Baixa: 270 desempleados menos en febrero"},"content":{"rendered":"  <p>Benidorm<\/p>   <p>A pesar de estar inmersos en plena temporada baja de la actividad tur\u00edstica el paro ha vuelto a bajar durante febrero en la Marina Baixa siguiendo as\u00ed la tendencia nacional y auton\u00f3mica. <a href=\"https:\/\/cadenaser.com\/tag\/comarca_la_marina_baixa\/a\/\" target=\"_blank\" rel=\"noopener\">Durante el \u00faltimo mes 270 personas han encontrado trabajo en la comarca<\/a>, si bien sigue habiendo 9.962 desempleados.<\/p>   <p>De esas casi 10.000 personas inscritas en las oficinas del Servicio Valenciano de Empleo LABORA m\u00e1s del 60 % son mujeres y en esta cifra sigue poniendo el foco la secretaria general del sindicato UGT en la provincia: \u00ab<a href=\"https:\/\/cadenaser.com\/tag\/ugt_union_general_trabajadores\/a\/\" target=\"_blank\" rel=\"noopener\">Se produce un descenso en hombres y mujeres, pero siguen siendo 5.894 frente a 4.068 hombres<\/a>\u00ab, ha detallado Yolanda D\u00edas antes de calificarlo como \u00abun problema estructural\u00bb.<\/p>   <p>Por sectores, la \u00faltima bajada del paro se ha concentrado en la agricultura, la construcci\u00f3n y, por supuesto, los servicios, que constituyen el principal motor econ\u00f3mico de la Marina Baixa.<\/p>   <p>El paro por municipios<\/p>   <p><li>En <a href=\"https:\/\/cadenaser.com\/tag\/benidorm\/a\/\" target=\"_blank\" rel=\"noopener\">Benidorm<\/a> sigue habiendo 3.755 personas desempleadas, 148 menos que en enero.<\/li><li>En <a href=\"https:\/\/cadenaser.com\/tag\/vila_joiosa\/a\/\" target=\"_blank\" rel=\"noopener\">La Vila Joiosa<\/a> 2.259, 21 menos.<\/li><li>En <a href=\"https:\/\/cadenaser.com\/tag\/altea\/a\/\" target=\"_blank\" rel=\"noopener\">Altea<\/a> 1.154 13 menos.<\/li><li>En <a href=\"https:\/\/cadenaser.com\/tag\/lalfas_del_pi\/a\/\" target=\"_blank\" rel=\"noopener\">L\u2019Alf\u00e0s del Pi<\/a> 794, 24 menos<\/li><li>En <a href=\"https:\/\/cadenaser.com\/tag\/la_nucia\/a\/\" target=\"_blank\" rel=\"noopener\">La Nuc\u00eda<\/a> 830, 36 menos<\/li><\/p>   <p>Benidorm representa a la Marina Baixa en el Encuentro Provincial de Pactos por el Empleo<\/p>   <p>La concejal de Empleo y Desarrollo Local del Ayuntamiento de Benidorm, M\u00f3nica G\u00f3mez, ha participado este mes en el Encuentro Provincial de Pactos por el Empleo de Alicante en representaci\u00f3n del Pacte per l\u2019Ocupaci\u00f3 de la Marina Baixa (POMB). <\/p>  <p><p>M\u00e1s informaci\u00f3n<\/p><figure><img decoding=\"async\" src=\"https:\/\/cadenaser.com\/resizer\/MAHC7WAgYa0LFeQ3DUWer5KhyJY=\/650x366\/filters:quality(70)\/cloudfront-eu-central-1.images.arcpublishing.com\/prisaradio\/5AQKXRV6K5HRVBSWS2572L3YFY.jpeg\" loading=\"lazy\" width=\"828\" height=\"621\" \/><\/figure><ul><li><a href=\"https:\/\/cadenaser.com\/comunitat-valenciana\/2024\/03\/04\/fallecen-tres-personas-y-otras-quince-resultan-heridas-en-un-incendio-de-vivienda-en-la-vila-joiosa-radio-benidorm\/\">Un ni\u00f1o de cinco a\u00f1os, su padre y su abuela mueren en el incendio de su piso en La Vila Joiosa<\/a><\/li><\/ul><\/p>   <p>Benidorm y el conjunto de la Marina Baixa eran puestos en ese foto como sido puestos como ejemplo de trabajo ante el resto al tratarse del territorio donde m\u00e1s se ha reducido el desempleo tras la creaci\u00f3n de este pacto territorial. <\/p>   <p>En concreto, seg\u00fan los datos expuestos por LABORA, el n\u00famero de parados esta comarca en diciembre de 2021 era de 15.472 personas, mientras que en diciembre de 2023 la cifra se redujo hasta los 9.944 desempleados. Esto es, 5.528 personas menos sin empleo, lo que supone una reducci\u00f3n del 35,7%, mientras que la media provincial fue del 15,2%.<\/p> ","protected":false},"excerpt":{"rendered":"<p>En la comarca sigue habiendo cerca de 10.000 personas sin empleo <\/p>\n","protected":false},"author":0,"featured_media":2928,"comment_status":"open","ping_status":"open","sticky":false,"template":"","format":"standard","meta":{"_acf_changed":false,"footnotes":""},"categories":[1],"tags":[],"class_list":["post-2927","post","type-post","status-publish","format-standard","has-post-thumbnail","hentry","category-sin-categoria"],"acf":{"ser_id":"C2DT2NJPSBADTORZV7NCIVU4SI","ser_url":"https:\/\/cadenaser.com\/comunitat-valenciana\/2024\/03\/04\/el-paro-vuelve-a-bajar-en-benidorm-y-la-marina-baixa-270-desempleados-menos-en-febrero-radio-benidorm\/"},"_links":{"self":[{"href":"https:\/\/serbenidorm.daliisolutions.com\/index.php\/wp-json\/wp\/v2\/posts\/2927","targetHints":{"allow":["GET"]}}],"collection":[{"href":"https:\/\/serbenidorm.daliisolutions.com\/index.php\/wp-json\/wp\/v2\/posts"}],"about":[{"href":"https:\/\/serbenidorm.daliisolutions.com\/index.php\/wp-json\/wp\/v2\/types\/post"}],"replies":[{"embeddable":true,"href":"https:\/\/serbenidorm.daliisolutions.com\/index.php\/wp-json\/wp\/v2\/comments?post=2927"}],"version-history":[{"count":0,"href":"https:\/\/serbenidorm.daliisolutions.com\/index.php\/wp-json\/wp\/v2\/posts\/2927\/revisions"}],"wp:featuredmedia":[{"embeddable":true,"href":"https:\/\/serbenidorm.daliisolutions.com\/index.php\/wp-json\/wp\/v2\/media\/2928"}],"wp:attachment":[{"href":"https:\/\/serbenidorm.daliisolutions.com\/index.php\/wp-json\/wp\/v2\/media?parent=2927"}],"wp:term":[{"taxonomy":"category","embeddable":true,"href":"https:\/\/serbenidorm.daliisolutions.com\/index.php\/wp-json\/wp\/v2\/categories?post=2927"},{"taxonomy":"post_tag","embeddable":true,"href":"https:\/\/serbenidorm.daliisolutions.com\/index.php\/wp-json\/wp\/v2\/tags?post=2927"}],"curies":[{"name":"wp","href":"https:\/\/api.w.org\/{rel}","templated":true}]}}