{"id":2945,"date":"2024-03-05T13:30:31","date_gmt":"2024-03-05T12:30:31","guid":{"rendered":"https:\/\/serbenidorm.daliisolutions.com\/index.php\/2024\/03\/05\/jornada-de-luto-en-la-comunitat-valenciana-por-las-tres-victimas-mortales-del-incendio-de-la-vila-joiosa\/"},"modified":"2024-03-05T13:30:31","modified_gmt":"2024-03-05T12:30:31","slug":"jornada-de-luto-en-la-comunitat-valenciana-por-las-tres-victimas-mortales-del-incendio-de-la-vila-joiosa","status":"publish","type":"post","link":"https:\/\/serbenidorm.daliisolutions.com\/index.php\/2024\/03\/05\/jornada-de-luto-en-la-comunitat-valenciana-por-las-tres-victimas-mortales-del-incendio-de-la-vila-joiosa\/","title":{"rendered":"Jornada de luto en la Comunitat Valenciana por las tres v\u00edctimas mortales del incendio de La Vila Joiosa"},"content":{"rendered":"  <p>La Vila Joiosa<\/p>   <p>Representantes p\u00fablicos y vecinos de La Vila Joiosa han guardado esta ma\u00f1ana, en la plaza de la Iglesia, un respetuoso y sentido minuto de silencio<a href=\"https:\/\/cadenaser.com\/tag\/vila_joiosa\/a\/\" target=\"_blank\" rel=\"noopener\"> en memoria de las tres v\u00edctimas mortales, un ni\u00f1o de cinco a\u00f1os, su padre y su abuela; del incendio ocurrido en la madrugada de este lunes en un edificio de la avenida Mariners <\/a>de la localidad. <\/p>   <p>Un minuto de silencio que ha tenido su r\u00e9plica, despu\u00e9s de que el presidente de la Generalitat, Carlos Maz\u00f3n, decretara tres d\u00edas de luto oficial en toda la Comunitat, en todos los municipios de la comarca y la mayor\u00eda del resto de la Comunitat.<\/p>  <p><figure><img decoding=\"async\" src=\"https:\/\/cadenaser.com\/resizer\/P_U9UQrhz0kX-WTbUzDqM88mXSc=\/650x488\/filters:quality(70)\/cloudfront-eu-central-1.images.arcpublishing.com\/prisaradio\/XSVHZAKX4BEIXEZMN3UG3KUMEE.jpeg\" loading=\"lazy\" width=\"650\" height=\"488\" \/><figcaption class=\"fc\"><p><span>Minuto de silencio en Les Corts Valencianes por las v\u00edctimas del incendio de La Vila Joiosa<\/span><\/p><\/figcaption><\/figure><button>Ampliar<\/button><\/p>   <p>En el acto de La Vila, junto al alcalde tambi\u00e9n ha estado presente el presidente de la Diputaci\u00f3n Provincial de Alicante, Toni P\u00e9rez. El m\u00e1ximo responsable provincial ha vuelto a destacar el \u201cdesalojo mod\u00e9lico\u201d del edificio gracias a \u201cla r\u00e1pida intervenci\u00f3n de los bomberos\u201d.<\/p>  <p><p>M\u00e1s informaci\u00f3n<\/p><figure><img decoding=\"async\" src=\"https:\/\/cadenaser.com\/resizer\/2bAep8BOu2sskmmm-T7RWy1PZcY=\/650x366\/filters:quality(70)\/cloudfront-eu-central-1.images.arcpublishing.com\/prisaradio\/EWF2QUUTKNF23IC4X4Z5FYLZEQ.jpeg\" loading=\"lazy\" width=\"828\" height=\"621\" \/><\/figure><ul><li><a href=\"https:\/\/cadenaser.com\/comunitat-valenciana\/2024\/03\/04\/fallecen-tres-personas-y-otras-quince-resultan-heridas-en-un-incendio-de-vivienda-en-la-vila-joiosa-radio-benidorm\/\">Un ni\u00f1o de cinco a\u00f1os, su padre y su abuela mueren en el incendio de su piso en La Vila Joiosa <\/a><\/li><\/ul><\/p>   <p>El presidente provincial ha querido volver a \u201cmanifestar ese dolor y ese luto y acompa\u00f1ar al pueblo de La Vila y lamentar la p\u00e9rdida de tres vidas humanas en unas circunstancias muy lamentables para la familia\u201d.<\/p>   <p>Por su parte, el alcalde de La Vila Joiosa, Marcos Zaragoza, tambi\u00e9n quiso aplaudir una vez m\u00e1s la actuaci\u00f3n de los bomberos cuya \u201cr\u00e1pida intervenci\u00f3n evit\u00f3 males mayores\u201d subrayando, as\u00ed mismo, que \u201clos elementos de aviso del propio edificio funcionaron\u201d, lo que demuestra, a su juicio, que \u201ces una comunidad ejemplar en la que estaban todos los medios de alarma puestos al d\u00eda\u201d.<\/p>  <p><figure><img decoding=\"async\" src=\"https:\/\/cadenaser.com\/resizer\/AmCAek7XbaZy_gmzG_l-19YuJkg=\/650x488\/filters:quality(70)\/cloudfront-eu-central-1.images.arcpublishing.com\/prisaradio\/V6JVTDEQCK7H77FNP6S74JR4YQ.jpg\" loading=\"lazy\" width=\"650\" height=\"488\" \/><figcaption class=\"fc\"><p><span>CASTELL\u00d3, 05\/03\/2024.- El president de la Generalitat, Carlos Maz\u00f3n, asiste al minuto de silencio por las v\u00edctimas del incendio de La Vila Joiosa en el que fallecieron un ni\u00f1o, su padre y su abuela. En la imagen Maz\u00f3n (centro), junto a otros miembros del Consell. EFE\/Andreu Esteban  <\/span> \/ <span>Andreu Esteban<\/span><\/p><\/figcaption><\/figure><button>Ampliar<\/button><\/p>   <p>Zaragoza lament\u00f3 la \u201cmala fortuna\u201d que origin\u00f3 el incendio. \u201cEs una desgracia. Vamos a intentar, dentro de la misma, estar al lado de las familias, que ahora es lo m\u00e1s importante\u201d.<\/p>   <p>La investigaci\u00f3n sigue en curso<\/p>   <p>Todav\u00eda consternada por la tragedia desatada por el fuego apenas 24 horas antes, la sociedad vilera y del resto de la Marina Baixa, ha querido acompa\u00f1ar en el dolor a los familiares y amigos de las v\u00edctimas de un suceso del que, seg\u00fan asegur\u00f3 el jefe del Consell, hab\u00eda tenido su origen en la sobrecarga de un enchufe ubicado en el sal\u00f3n de la vivienda sin que, por el momento, las fuentes de la investigaci\u00f3n consultadas por este diario hayan podido determinar qu\u00e9 aparatos se encontraban conectados al mismo.<\/p>   <p><div id=\"video_1709552650523\"><img decoding=\"async\" src=\"https:\/\/sdmedia.playser.cadenaser.com\/playser\/image\/20243\/04\/1709552650523_1709552824_asset_still.jpeg\" alt=\"Tres muertos en un incendio en Villajoyosa\" loading=\"lazy\" width=\"650\" height=\"366\" \/><\/div><\/p>   <p>En ese sentido, Toni P\u00e9rez ha insistido en que \u201cla investigaci\u00f3n tiene que ser operada por aquellos que tienen las competencias. Ayer se nos traslad\u00f3, por parte de la Guardia Civil, que la investigaci\u00f3n concluy\u00f3 con lo que ellos denominan un falso cortocircuito, algo producido por un elemento que est\u00e1 en la red. El tama\u00f1o, la situaci\u00f3n o los propios elementos creo que no aportan nada a la situaci\u00f3n que estamos viviendo ahora, que es la p\u00e9rdida de tres vidas humanas\u201d.<\/p>   <p>El alcalde de La Vila Joiosa, Marcos Zaragoza, se manifest\u00f3 en esa misma l\u00ednea al subrayar que \u201ctenemos que tener el informe definitivo de la Polic\u00eda Judicial. Es una investigaci\u00f3n que va m\u00e1s all\u00e1 y vamos a esperar a los datos oficiales antes de aventurarnos a dar m\u00e1s datos\u201d.<\/p>   <p>Mientras tanto, la investigaci\u00f3n contin\u00faa y se est\u00e1 a la espera de que la autopsia de los cad\u00e1veres pueda determinar la causa exacta de las tres muertes.<\/p> ","protected":false},"excerpt":{"rendered":"<p>Concentraciones de duelo y minutos de silencio en la mayor\u00eda de municipios de la regi\u00f3n y a las puertas de les Corts<\/p>\n","protected":false},"author":0,"featured_media":2946,"comment_status":"open","ping_status":"open","sticky":false,"template":"","format":"standard","meta":{"_acf_changed":false,"footnotes":""},"categories":[1],"tags":[],"class_list":["post-2945","post","type-post","status-publish","format-standard","has-post-thumbnail","hentry","category-sin-categoria"],"acf":{"ser_id":"52V76QWVD5GT7OFQLQLYEULBYY","ser_url":"https:\/\/cadenaser.com\/comunitat-valenciana\/2024\/03\/05\/jornada-de-luto-en-la-comunitat-valenciana-por-las-tres-victimas-mortales-del-incendio-de-la-vila-joiosa-radio-benidorm\/"},"_links":{"self":[{"href":"https:\/\/serbenidorm.daliisolutions.com\/index.php\/wp-json\/wp\/v2\/posts\/2945","targetHints":{"allow":["GET"]}}],"collection":[{"href":"https:\/\/serbenidorm.daliisolutions.com\/index.php\/wp-json\/wp\/v2\/posts"}],"about":[{"href":"https:\/\/serbenidorm.daliisolutions.com\/index.php\/wp-json\/wp\/v2\/types\/post"}],"replies":[{"embeddable":true,"href":"https:\/\/serbenidorm.daliisolutions.com\/index.php\/wp-json\/wp\/v2\/comments?post=2945"}],"version-history":[{"count":0,"href":"https:\/\/serbenidorm.daliisolutions.com\/index.php\/wp-json\/wp\/v2\/posts\/2945\/revisions"}],"wp:featuredmedia":[{"embeddable":true,"href":"https:\/\/serbenidorm.daliisolutions.com\/index.php\/wp-json\/wp\/v2\/media\/2946"}],"wp:attachment":[{"href":"https:\/\/serbenidorm.daliisolutions.com\/index.php\/wp-json\/wp\/v2\/media?parent=2945"}],"wp:term":[{"taxonomy":"category","embeddable":true,"href":"https:\/\/serbenidorm.daliisolutions.com\/index.php\/wp-json\/wp\/v2\/categories?post=2945"},{"taxonomy":"post_tag","embeddable":true,"href":"https:\/\/serbenidorm.daliisolutions.com\/index.php\/wp-json\/wp\/v2\/tags?post=2945"}],"curies":[{"name":"wp","href":"https:\/\/api.w.org\/{rel}","templated":true}]}}