{"id":2947,"date":"2024-03-05T13:30:33","date_gmt":"2024-03-05T12:30:33","guid":{"rendered":"https:\/\/serbenidorm.daliisolutions.com\/index.php\/2024\/03\/05\/los-hoteles-de-benidorm-rematan-el-mejor-febrero-de-los-ultimos-anos\/"},"modified":"2024-03-05T13:31:52","modified_gmt":"2024-03-05T12:31:52","slug":"los-hoteles-de-benidorm-rematan-el-mejor-febrero-de-los-ultimos-anos","status":"publish","type":"post","link":"https:\/\/serbenidorm.daliisolutions.com\/index.php\/2024\/03\/05\/los-hoteles-de-benidorm-rematan-el-mejor-febrero-de-los-ultimos-anos\/","title":{"rendered":"Los hoteles de Benidorm rematan el mejor febrero de los \u00faltimos a\u00f1os"},"content":{"rendered":"  <p>Benidorm<\/p>   <p>El mes de febrero ha marcado, tradicionalmente, el final de la temporada baja tur\u00edstica en la Costa Blanca, un periodo marcado, al menos hist\u00f3ricamente, por las bajas ocupaciones hoteleras algo que, a tenor de los datos facilitados por <a href=\"https:\/\/cadenaser.com\/tag\/hosbec_asociacion_empresarial_hostelera_benidorm_costa_blanca_comunidad_valenciana\/a\/\" target=\"_blank\" rel=\"noopener\">la patronal Hosbec<\/a>, es ya cosa del pasado. De hecho, este \u00faltimo mes de febrero se ha cerrado con tasas de ocupaci\u00f3n de m\u00e1s del 70% en toda la Comunitat Valenciana y con la Costa Blanca alcanzando el 77,5 % en ese mes, supuestamente, de poca actividad.<\/p>   <p>El mes de febrero tambi\u00e9n se ha comportado especialmente bien en el conjunto de destinos de la Costa Blanca, que ha cerrado este segundo mes del a\u00f1o con una ocupaci\u00f3n media del 75,4 %, casi siete puntos por encima de lo registrado s\u00f3lo un a\u00f1o antes. Respecto a la previsi\u00f3n para los primeros d\u00edas de marzo, ya se cuenta con un 73,9 % de habitaciones reservadas, registro que con seguridad aumentar\u00e1 con las reservas de \u00faltima hora.<\/p>  <p><p>M\u00e1s informaci\u00f3n<\/p><figure><img decoding=\"async\" src=\"https:\/\/cadenaser.com\/resizer\/BdyP1NGG5NuhNvLgo6O0KoenJSY=\/650x366\/filters:quality(70)\/cloudfront-eu-central-1.images.arcpublishing.com\/prisaradio\/4VYG5F7ULUP2HKUFMNFEH5ISRA.jpg\" loading=\"lazy\" width=\"828\" height=\"621\" \/><\/figure><ul><li><a href=\"https:\/\/cadenaser.com\/comunitat-valenciana\/2024\/03\/04\/el-paro-vuelve-a-bajar-en-benidorm-y-la-marina-baixa-270-desempleados-menos-en-febrero-radio-benidorm\/\">El paro vuelve a bajar en Benidorm y la Marina Baixa: 270 desempleados menos en febrero<\/a><\/li><\/ul><\/p>   <p>Unos datos que tambi\u00e9n tienen su reflejo en el gran buque insignia de la regi\u00f3n, <a href=\"https:\/\/cadenaser.com\/tag\/benidorm\/a\/\" target=\"_blank\" rel=\"noopener\">la ciudad de Benidorm, que roz\u00f3 el 76 % de media, casi seis puntos m\u00e1s que en febrero de 2023. Y todo ello, hace que el mes de marzo arranque con valores muy positivos, ya que el volumen de reservas confirmadas es del 74,9 %, 3,7 puntos por encima de los datos del a\u00f1o anterior en estas mismas fechas<\/a>.<\/p>   <p>As\u00ed las cosas, aunque la actividad hotelera comenz\u00f3 a reactivarse para los alojamientos en febrero, motivados sobre todo por la celebraci\u00f3n de San Valent\u00edn, es en los primeros d\u00edas de marzo cuando se denota un mayor cambio de ritmo, ya que el 44 % de los alojamientos que a\u00fan prolongaban su cierre m\u00e1s all\u00e1 de 2023 decide abrir sus puertas.<\/p>   <p>La tendencia positiva de los \u00faltimos d\u00edas, consolida las buenas perspectivas de ocupaci\u00f3n para todos los destinos que ya comienzan a calentar motores para el inicio de la temporada tur\u00edstica con vol\u00famenes de reservas confirmadas para la primera quincena de marzo por encima del 70 %.<\/p> ","protected":false},"excerpt":{"rendered":"<p>La ciudad roza el 76 % de ocupaci\u00f3n media, seis puntos por encima que mismo mes del 2023<\/p>\n","protected":false},"author":2,"featured_media":2948,"comment_status":"open","ping_status":"open","sticky":false,"template":"","format":"standard","meta":{"_acf_changed":false,"footnotes":""},"categories":[1],"tags":[],"class_list":["post-2947","post","type-post","status-publish","format-standard","has-post-thumbnail","hentry","category-sin-categoria"],"acf":{"ser_id":"6BLHSSVFTNAPRPMXJG2FZQHZ6M","ser_url":"https:\/\/cadenaser.com\/comunitat-valenciana\/2024\/03\/05\/los-hoteles-de-benidorm-rematan-el-mejor-febrero-de-los-ultimos-anos-radio-benidorm\/"},"_links":{"self":[{"href":"https:\/\/serbenidorm.daliisolutions.com\/index.php\/wp-json\/wp\/v2\/posts\/2947","targetHints":{"allow":["GET"]}}],"collection":[{"href":"https:\/\/serbenidorm.daliisolutions.com\/index.php\/wp-json\/wp\/v2\/posts"}],"about":[{"href":"https:\/\/serbenidorm.daliisolutions.com\/index.php\/wp-json\/wp\/v2\/types\/post"}],"author":[{"embeddable":true,"href":"https:\/\/serbenidorm.daliisolutions.com\/index.php\/wp-json\/wp\/v2\/users\/2"}],"replies":[{"embeddable":true,"href":"https:\/\/serbenidorm.daliisolutions.com\/index.php\/wp-json\/wp\/v2\/comments?post=2947"}],"version-history":[{"count":1,"href":"https:\/\/serbenidorm.daliisolutions.com\/index.php\/wp-json\/wp\/v2\/posts\/2947\/revisions"}],"predecessor-version":[{"id":2953,"href":"https:\/\/serbenidorm.daliisolutions.com\/index.php\/wp-json\/wp\/v2\/posts\/2947\/revisions\/2953"}],"wp:featuredmedia":[{"embeddable":true,"href":"https:\/\/serbenidorm.daliisolutions.com\/index.php\/wp-json\/wp\/v2\/media\/2948"}],"wp:attachment":[{"href":"https:\/\/serbenidorm.daliisolutions.com\/index.php\/wp-json\/wp\/v2\/media?parent=2947"}],"wp:term":[{"taxonomy":"category","embeddable":true,"href":"https:\/\/serbenidorm.daliisolutions.com\/index.php\/wp-json\/wp\/v2\/categories?post=2947"},{"taxonomy":"post_tag","embeddable":true,"href":"https:\/\/serbenidorm.daliisolutions.com\/index.php\/wp-json\/wp\/v2\/tags?post=2947"}],"curies":[{"name":"wp","href":"https:\/\/api.w.org\/{rel}","templated":true}]}}