{"id":2978,"date":"2024-03-06T11:42:37","date_gmt":"2024-03-06T10:42:37","guid":{"rendered":"https:\/\/serbenidorm.daliisolutions.com\/index.php\/2024\/03\/06\/detenidos-in-fraganti-los-dos-responsables-de-una-veintena-de-robos-en-benidorm-y-el-albir\/"},"modified":"2024-03-06T11:42:37","modified_gmt":"2024-03-06T10:42:37","slug":"detenidos-in-fraganti-los-dos-responsables-de-una-veintena-de-robos-en-benidorm-y-el-albir","status":"publish","type":"post","link":"https:\/\/serbenidorm.daliisolutions.com\/index.php\/2024\/03\/06\/detenidos-in-fraganti-los-dos-responsables-de-una-veintena-de-robos-en-benidorm-y-el-albir\/","title":{"rendered":"Detenidos in fraganti los dos responsables de una veintena de robos en Benidorm y El Albir"},"content":{"rendered":"  <p>Benidorm<\/p>   <p>Agentes de la Guardia Civil y de la Polic\u00eda Nacional han localizado a los responsables de robar en <a href=\"https:\/\/cadenaser.com\/tag\/benidorm\/a\/\" target=\"_blank\" rel=\"noopener\">una veintena de robos en veh\u00edculos y domicilios de Benidorm y El Albir<\/a>. El \u00faltimo fue el de un coche con el que los dos arrestados, de 20 y 24 a\u00f1os, se desplazaron al lugar donde perpetraron el \u00faltimo hecho y que fue localizado horas m\u00e1s tarde con efectos en el maletero procedentes de otros il\u00edcitos que hab\u00edan cometido.<\/p>   <p>La detenci\u00f3n de ambos individuos ocurri\u00f3 en una zona residencial de viviendas unifamiliares de Benidorm y fue el hilo conductor que el Grupo III de Polic\u00eda Judicial de la Comisar\u00eda de Polic\u00eda Nacional de la capital tur\u00edstica sigui\u00f3 para conseguir esclarecer esa veintena de robos que estaban en fase avanzada de investigaci\u00f3n.<\/p>  <p><p>M\u00e1s informaci\u00f3n<\/p><figure><img decoding=\"async\" src=\"https:\/\/cadenaser.com\/resizer\/MAHC7WAgYa0LFeQ3DUWer5KhyJY=\/650x366\/filters:quality(70)\/cloudfront-eu-central-1.images.arcpublishing.com\/prisaradio\/5AQKXRV6K5HRVBSWS2572L3YFY.jpeg\" loading=\"lazy\" width=\"828\" height=\"621\" \/><\/figure><ul><li><a href=\"https:\/\/cadenaser.com\/comunitat-valenciana\/2024\/03\/04\/fallecen-tres-personas-y-otras-quince-resultan-heridas-en-un-incendio-de-vivienda-en-la-vila-joiosa-radio-benidorm\/\">Un ni\u00f1o de cinco a\u00f1os, su padre y su abuela mueren en el incendio de su piso en La Vila Joiosa<\/a><\/li><\/ul><\/p>   <p>Los agentes, al conocer la identidad de los arrestados, iniciaron sus pesquisas cotejando todas las im\u00e1genes de las c\u00e1maras de seguridad de los lugares de los hechos que ven\u00edan investigando, relacionados con robos en domicilios y veh\u00edculos ocurridos en esa misma zona donde los detenidos fueron sorprendidos cometiendo el il\u00edcito.<\/p>   <p>Tras un minucioso estudio de las im\u00e1genes, unido a las gestiones investigativas relacionadas con los efectos que les intervinieron en el momento de su detenci\u00f3n, los investigadores pudieron relacionarles con hasta diez robos en interior de veh\u00edculo ocurridos en el \u00faltimo mes en la zona, as\u00ed como en cuatro robos en domicilio, donde los asaltantes saltaron el muro perimetral de las viviendas y sustrajeron; un patinete el\u00e9ctrico en uno y una bicicleta en otro.<\/p>   <p>Un robo de veh\u00edculo aislado y nuevos delitos imputados<\/p>   <p>De otra parte, durante el tr\u00e1mite de las diligencias, los agentes encargados del caso, tuvieron conocimiento de un hecho aislado y que aparentemente no guardaba relaci\u00f3n con el caso que les ocupaba; el hallazgo en la zona de los hechos de un veh\u00edculo sustra\u00eddo a finales de a\u00f1o en Benidorm y que hab\u00eda sido trasladado al dep\u00f3sito municipal de veh\u00edculos de la localidad.<\/p>   <p>Uno de los arrestados, llevaba entre sus pertenencias una llave de veh\u00edculo de la misma marca y modelo, por lo que los agentes, se desplazaron al dep\u00f3sito municipal con la llave de un veh\u00edculo, comprobando que se trataba de la llave del veh\u00edculo sustra\u00eddo, en cuyo maletero, adem\u00e1s, hallaron efectos que, no s\u00f3lo implicaba a los detenidos en m\u00e1s hechos, sino que constitu\u00edan nuevos indicios probatorios para los ya imputados.<\/p>   <p>Por un lado, se hall\u00f3 una bicicleta el\u00e9ctrica, la cual result\u00f3 haber sido sustra\u00edda de un domicilio y de la cual, a la postre, tambi\u00e9n ten\u00edan la llave los detenidos entre sus pertenencias y, por otro lado, se hall\u00f3 una chaqueta de color amarillo que r\u00e1pidamente los agentes recordaron haber visto en varios videos de robos que ven\u00edan analizando, concretamente uno de los robos en domicilio.<\/p>   <p>El cruce de dos investigaciones paralelas<\/p>   <p>As\u00ed las cosas, viendo el amplio abanico de delitos cometidos por los arrestados y gracias a la estrecha colaboraci\u00f3n entre la Polic\u00eda Nacional y el cuerpo de la Guardia Civil en este tipo de investigaciones, dados los indicios hallados y que les incriminaba en robos en viviendas y veh\u00edculos, los agentes cruzaron su investigaci\u00f3n con otra paralela por hechos similares que ten\u00eda bastante avanzada el puesto de la Guardia Civil de Altea, cuando los benem\u00e9ritos agentes tuvieron conocimiento de la detenci\u00f3n de ambos varones.<\/p>   <p>Nuevas pruebas incriminatorias<\/p>   <p>La bicicleta el\u00e9ctrica hallada en el maletero del veh\u00edculo robado, hab\u00eda sido sustra\u00edda de uno de los domicilios inmerso en la investigaci\u00f3n de la Guardia Civil donde, a la saz\u00f3n, en las im\u00e1genes de los videos de ese robo, uno de los autores que aparece, llevaba puesta la chaqueta amarilla encontrada tambi\u00e9n dentro del veh\u00edculo, vestimenta esta que tambi\u00e9n les incriminaba directamente en otros robos investigados por el benem\u00e9rito cuerpo.<\/p>   <p>Para m\u00e1s inri, los arrestados llevaban entre sus pertenencias objetos que hab\u00edan sido denunciados como sustra\u00eddos del interior de un veh\u00edculo tambi\u00e9n investigado por la Guardia Civil.<\/p>   <p>De este modo, la colaboraci\u00f3n entre ambos cuerpos, favoreci\u00f3 la imputaci\u00f3n de los arrestados y por tanto el esclarecimiento total de otros dos robos en domicilio y cuatro robos en interior de veh\u00edculo ocurridos en la demarcaci\u00f3n de la Guardia Civil del Puesto de Altea; una zona de viviendas unifamiliares en el n\u00facleo urbano de El Albir.<\/p> ","protected":false},"excerpt":{"rendered":"<p>La investigaci\u00f3n policial consigui\u00f3 situar a los arrestados en los lugares de los hechos gracias a un minucioso an\u00e1lisis de c\u00e1maras de seguridad y declaraciones de testigos<\/p>\n","protected":false},"author":0,"featured_media":2979,"comment_status":"open","ping_status":"open","sticky":false,"template":"","format":"standard","meta":{"_acf_changed":false,"footnotes":""},"categories":[1],"tags":[],"class_list":["post-2978","post","type-post","status-publish","format-standard","has-post-thumbnail","hentry","category-sin-categoria"],"acf":{"ser_id":"Z5J5ZDKKFNH4VNFHON5C4F7HJY","ser_url":"https:\/\/cadenaser.com\/comunitat-valenciana\/2024\/03\/06\/detenidos-in-fraganti-los-dos-responsables-de-una-veintena-de-robos-en-benidorm-y-el-albir-radio-benidorm\/"},"_links":{"self":[{"href":"https:\/\/serbenidorm.daliisolutions.com\/index.php\/wp-json\/wp\/v2\/posts\/2978","targetHints":{"allow":["GET"]}}],"collection":[{"href":"https:\/\/serbenidorm.daliisolutions.com\/index.php\/wp-json\/wp\/v2\/posts"}],"about":[{"href":"https:\/\/serbenidorm.daliisolutions.com\/index.php\/wp-json\/wp\/v2\/types\/post"}],"replies":[{"embeddable":true,"href":"https:\/\/serbenidorm.daliisolutions.com\/index.php\/wp-json\/wp\/v2\/comments?post=2978"}],"version-history":[{"count":0,"href":"https:\/\/serbenidorm.daliisolutions.com\/index.php\/wp-json\/wp\/v2\/posts\/2978\/revisions"}],"wp:featuredmedia":[{"embeddable":true,"href":"https:\/\/serbenidorm.daliisolutions.com\/index.php\/wp-json\/wp\/v2\/media\/2979"}],"wp:attachment":[{"href":"https:\/\/serbenidorm.daliisolutions.com\/index.php\/wp-json\/wp\/v2\/media?parent=2978"}],"wp:term":[{"taxonomy":"category","embeddable":true,"href":"https:\/\/serbenidorm.daliisolutions.com\/index.php\/wp-json\/wp\/v2\/categories?post=2978"},{"taxonomy":"post_tag","embeddable":true,"href":"https:\/\/serbenidorm.daliisolutions.com\/index.php\/wp-json\/wp\/v2\/tags?post=2978"}],"curies":[{"name":"wp","href":"https:\/\/api.w.org\/{rel}","templated":true}]}}