{"id":2984,"date":"2024-03-06T15:34:06","date_gmt":"2024-03-06T14:34:06","guid":{"rendered":"https:\/\/serbenidorm.daliisolutions.com\/index.php\/2024\/03\/06\/sigue-en-directo-la-ii-edicion-de-los-premios-radio-benidorm\/"},"modified":"2024-03-06T15:34:06","modified_gmt":"2024-03-06T14:34:06","slug":"sigue-en-directo-la-ii-edicion-de-los-premios-radio-benidorm","status":"publish","type":"post","link":"https:\/\/serbenidorm.daliisolutions.com\/index.php\/2024\/03\/06\/sigue-en-directo-la-ii-edicion-de-los-premios-radio-benidorm\/","title":{"rendered":"Sigue en directo la II Edici\u00f3n de los Premios Radio Benidorm"},"content":{"rendered":"  <p>Benidorm<\/p>   <p>El <a href=\"https:\/\/www.youtube.com\/live\/q7OiI4qegcY?feature=share\" rel=\"nofollow noopener\" target=\"_blank\">Hotel Meli\u00e1 Villaitana<\/a> de la capital tur\u00edstica acoge este mi\u00e9rcoles <a href=\"https:\/\/www.youtube.com\/live\/q7OiI4qegcY?feature=share\" target=\"_blank\" rel=\"noopener\">desde las 19:30 h.<\/a> de la tarde la gala de la <a href=\"https:\/\/cadenaser.com\/comunitat-valenciana\/2024\/02\/14\/conoce-a-los-ganadores-de-la-ii-edicion-de-los-premios-radio-benidorm-radio-benidorm\/\" target=\"_blank\" rel=\"noopener\">II Edici\u00f3n de los Premios Radio Benidorm<\/a>. Un acto en el que la Cadena SER quiere volver a reconocer, <a href=\"https:\/\/cadenaser.com\/comunitat-valenciana\/2023\/04\/14\/i-edicion-premios-radio-benidorm-40-anos-de-radio-40-anos-de-vida-radio-benidorm\/\" target=\"_blank\" rel=\"noopener\">tras una primera edici\u00f3n celebrada el a\u00f1o pasado con motivo del 40 aniversario de la emisora<\/a>, a algunas de las personas, entidades o colectivos m\u00e1s destacados en su \u00e1mbito en la Marina Baixa.<\/p>   <p><p>M\u00e1s informaci\u00f3n<\/p><ul><li><a href=\"https:\/\/cadenaser.com\/comunitat-valenciana\/2024\/02\/14\/conoce-a-los-ganadores-de-la-ii-edicion-de-los-premios-radio-benidorm-radio-benidorm\/\">Conoce a los ganadores de la II Edici\u00f3n de los Premios Radio Benidorm<\/a><\/li><\/ul><\/p>   <p>Personalidades de la pol\u00edtica, la comunicaci\u00f3n, el deporte o el tejido asociativo y empresarial de Benidorm y la comarca arropar\u00e1n a los galardonados durante este evento que contar\u00e1 con la animaci\u00f3n de Keru S\u00e1nchez y conducir\u00e1n las voces de Radio Benidorm Silvia Yus, Jorge Garc\u00eda y Nico Van Looy.<\/p>   <p>En total ser\u00e1n trece las distinciones en doce categor\u00edas m\u00e1s un reconocimiento especial con las que esta casa quiere servir de \u00abnexo de uni\u00f3n del talento y el buen hacer\u00bb, como destac\u00f3 tras la lectura del fallo en <a href=\"https:\/\/cadenaser.com\/tag\/benidorm\/a\/\" target=\"_blank\" rel=\"noopener\">Hoy por Hoy Benidorm<\/a> el director Baldomero Gim\u00e9nez: \u00abHay historias detr\u00e1s de los premiados que se desconocen y que hay que visibilizar para que cualquiera crea que lo puede conseguir\u00bb.<\/p>  <p><figure><img decoding=\"async\" src=\"https:\/\/cadenaser.com\/resizer\/x3UFmsQGgUFFiBVQIEzQfsuc7d4=\/650x366\/filters:quality(70)\/cloudfront-eu-central-1.images.arcpublishing.com\/prisaradio\/3WZBAPPBIBHTPJP4NCS4GOFX6M.jpeg\" loading=\"lazy\" width=\"240\" height=\"135\" \/><\/figure><div><a href=\"https:\/\/cadenaser.com\/comunitat-valenciana\/2023\/04\/14\/i-edicion-premios-radio-benidorm-40-anos-de-radio-40-anos-de-vida-radio-benidorm\/\">I Edici\u00f3n Premios Radio Benidorm: &#8217;40 a\u00f1os de radio, 40 a\u00f1os de vida&#8217;<\/a><p><\/p><\/div><\/p> ","protected":false},"excerpt":{"rendered":"<p>La SER en la Marina Baixa vuelve a reconocer este mi\u00e9rcoles a algunas de las personas y colectivos m\u00e1s destacados en su \u00e1mbito durante el \u00faltimo a\u00f1o<\/p>\n","protected":false},"author":0,"featured_media":2985,"comment_status":"open","ping_status":"open","sticky":false,"template":"","format":"standard","meta":{"_acf_changed":false,"footnotes":""},"categories":[1],"tags":[],"class_list":["post-2984","post","type-post","status-publish","format-standard","has-post-thumbnail","hentry","category-sin-categoria"],"acf":{"ser_id":"UWJSAYVECVFWXEY6SB2H3OHE2U","ser_url":"https:\/\/cadenaser.com\/comunitat-valenciana\/2024\/03\/06\/sigue-en-directo-la-ii-edicion-de-los-premios-radio-benidorm-radio-benidorm\/"},"_links":{"self":[{"href":"https:\/\/serbenidorm.daliisolutions.com\/index.php\/wp-json\/wp\/v2\/posts\/2984","targetHints":{"allow":["GET"]}}],"collection":[{"href":"https:\/\/serbenidorm.daliisolutions.com\/index.php\/wp-json\/wp\/v2\/posts"}],"about":[{"href":"https:\/\/serbenidorm.daliisolutions.com\/index.php\/wp-json\/wp\/v2\/types\/post"}],"replies":[{"embeddable":true,"href":"https:\/\/serbenidorm.daliisolutions.com\/index.php\/wp-json\/wp\/v2\/comments?post=2984"}],"version-history":[{"count":0,"href":"https:\/\/serbenidorm.daliisolutions.com\/index.php\/wp-json\/wp\/v2\/posts\/2984\/revisions"}],"wp:featuredmedia":[{"embeddable":true,"href":"https:\/\/serbenidorm.daliisolutions.com\/index.php\/wp-json\/wp\/v2\/media\/2985"}],"wp:attachment":[{"href":"https:\/\/serbenidorm.daliisolutions.com\/index.php\/wp-json\/wp\/v2\/media?parent=2984"}],"wp:term":[{"taxonomy":"category","embeddable":true,"href":"https:\/\/serbenidorm.daliisolutions.com\/index.php\/wp-json\/wp\/v2\/categories?post=2984"},{"taxonomy":"post_tag","embeddable":true,"href":"https:\/\/serbenidorm.daliisolutions.com\/index.php\/wp-json\/wp\/v2\/tags?post=2984"}],"curies":[{"name":"wp","href":"https:\/\/api.w.org\/{rel}","templated":true}]}}