{"id":3024,"date":"2024-03-07T18:01:38","date_gmt":"2024-03-07T17:01:38","guid":{"rendered":"https:\/\/serbenidorm.daliisolutions.com\/index.php\/2024\/03\/07\/sanitat-anuncia-un-aumento-de-camas-en-el-proyecto-de-ampliacion-del-hospital-marina-baixa\/"},"modified":"2024-03-07T18:01:38","modified_gmt":"2024-03-07T17:01:38","slug":"sanitat-anuncia-un-aumento-de-camas-en-el-proyecto-de-ampliacion-del-hospital-marina-baixa","status":"publish","type":"post","link":"https:\/\/serbenidorm.daliisolutions.com\/index.php\/2024\/03\/07\/sanitat-anuncia-un-aumento-de-camas-en-el-proyecto-de-ampliacion-del-hospital-marina-baixa\/","title":{"rendered":"Sanitat anuncia un aumento de camas en el proyecto de ampliaci\u00f3n del Hospital Marina Baixa"},"content":{"rendered":"  <p>La Vila Joiosa<\/p>   <p>El Hospital Comarcal Marina Baixa, inmerso en un proceso de ampliaci\u00f3n, <a href=\"https:\/\/cadenaser.com\/tag\/comarca_la_marina_baixa\/a\/\" target=\"_blank\" rel=\"noopener\">pasar\u00e1 de tener 52 camas m\u00e1s a 113 una vez finalizadas las obras<\/a>. Todo ello despu\u00e9s de que el conseller de Sanidad, Marciano G\u00f3mez, haya anunciado hoy, tras girar visita al centro, una modificaci\u00f3n del proyecto de ampliaci\u00f3n y reforma para, precisamente, aumentar el n\u00famero de nuevas camas.<\/p>   <p>As\u00ed el centro hospitalario pasar\u00e1 de las 285 camas actuales a las 398 que contempla la ampliaci\u00f3n del proyecto. Adem\u00e1s G\u00f3mez ha indicado que la modificaci\u00f3n conllevara un incremento presupuestario hasta alcanzar 102,6 millones de euros \u201cpara subsanar las carencias detectadas en el  proyecto de reforma inicial de este centro hospitalario\u201d. El prepuesto inicial de la ampliaci\u00f3n estaba estimado en 57 millones de euros.<\/p>  <p><p class=\"tit\"><span>Hora 14 Benidorm (07\/03\/2024)<\/span><\/p> <p class=\"emb\"><iframe loading=\"lazy\" src=\"https:\/\/cadenaser.com\/embed\/audio\/460\/cadenaser_benidorm_hora14benidorm_20240307_141700_143000\/\" width=\"100%\" height=\"360\" frameborder=\"0\" allowfullscreen><\/iframe><\/p><\/p>   <p>G\u00f3mez ha mantenido una reuni\u00f3n con el gerente del departamento de salud de la Marina Baixa, Pascual Pastor, y con los jefes de servicio del centro y ha explicado que, al revisar el proyecto de ampliaci\u00f3n del centro, \u201cel aumento de camas de hospitalizaci\u00f3n no estaba contemplado, por lo que hemos tenido que modificarlo para adaptarlo a las necesidades asistenciales reales\u201d.<\/p>   <p>Una planta m\u00e1s en cada torre<\/p>   <p>Asimismo, el nuevo proyecto de reforma contempla adem\u00e1s la remodelaci\u00f3n de los servicios asistenciales ubicados en el actual edificio \u201cpara que pueda disponer de un plan funcional que permita ofrecer una asistencia de calidad a los ciudadanos y ciudadanas de la Marina Baixa\u201d, ha manifestado. Se llevar\u00e1 a cabo una remodelaci\u00f3n de los servicios ubicados en la planta baja, primera y segunda del actual hospital, que contar\u00e1 con un presupuesto de 20 millones de euros.<\/p>   <p>Las obras de reforma y ampliaci\u00f3n del Hospital Marina Baixa se encuentran en estos momentos en fase de ejecuci\u00f3n  y contemplan la construcci\u00f3n de un nuevo edificio de seis bloques. Tras la modificaci\u00f3n del proyecto, se ha incluido la creaci\u00f3n de una nueva planta en cada uno de los bloques para que puedan albergar nuevos espacios de hospitalizaci\u00f3n en los que se ubicar\u00e1n las camas nuevas.<\/p> ","protected":false},"excerpt":{"rendered":"<p>El centro pasar\u00e1 a tener 398<\/p>\n","protected":false},"author":0,"featured_media":3025,"comment_status":"open","ping_status":"open","sticky":false,"template":"","format":"standard","meta":{"_acf_changed":false,"footnotes":""},"categories":[1],"tags":[],"class_list":["post-3024","post","type-post","status-publish","format-standard","has-post-thumbnail","hentry","category-sin-categoria"],"acf":{"ser_id":"WY45ZGSMLNCATLM65XOWERQYQQ","ser_url":"https:\/\/cadenaser.com\/comunitat-valenciana\/2024\/03\/07\/sanitat-anuncia-un-aumento-de-camas-en-el-proyecto-de-ampliacion-del-hospital-marina-baixa-radio-benidorm\/"},"_links":{"self":[{"href":"https:\/\/serbenidorm.daliisolutions.com\/index.php\/wp-json\/wp\/v2\/posts\/3024","targetHints":{"allow":["GET"]}}],"collection":[{"href":"https:\/\/serbenidorm.daliisolutions.com\/index.php\/wp-json\/wp\/v2\/posts"}],"about":[{"href":"https:\/\/serbenidorm.daliisolutions.com\/index.php\/wp-json\/wp\/v2\/types\/post"}],"replies":[{"embeddable":true,"href":"https:\/\/serbenidorm.daliisolutions.com\/index.php\/wp-json\/wp\/v2\/comments?post=3024"}],"version-history":[{"count":0,"href":"https:\/\/serbenidorm.daliisolutions.com\/index.php\/wp-json\/wp\/v2\/posts\/3024\/revisions"}],"wp:featuredmedia":[{"embeddable":true,"href":"https:\/\/serbenidorm.daliisolutions.com\/index.php\/wp-json\/wp\/v2\/media\/3025"}],"wp:attachment":[{"href":"https:\/\/serbenidorm.daliisolutions.com\/index.php\/wp-json\/wp\/v2\/media?parent=3024"}],"wp:term":[{"taxonomy":"category","embeddable":true,"href":"https:\/\/serbenidorm.daliisolutions.com\/index.php\/wp-json\/wp\/v2\/categories?post=3024"},{"taxonomy":"post_tag","embeddable":true,"href":"https:\/\/serbenidorm.daliisolutions.com\/index.php\/wp-json\/wp\/v2\/tags?post=3024"}],"curies":[{"name":"wp","href":"https:\/\/api.w.org\/{rel}","templated":true}]}}