{"id":3041,"date":"2024-03-08T13:42:23","date_gmt":"2024-03-08T12:42:23","guid":{"rendered":"https:\/\/serbenidorm.daliisolutions.com\/index.php\/2024\/03\/08\/la-cala-de-finestrat-ya-tiene-pediatra\/"},"modified":"2024-03-08T13:42:23","modified_gmt":"2024-03-08T12:42:23","slug":"la-cala-de-finestrat-ya-tiene-pediatra","status":"publish","type":"post","link":"https:\/\/serbenidorm.daliisolutions.com\/index.php\/2024\/03\/08\/la-cala-de-finestrat-ya-tiene-pediatra\/","title":{"rendered":"La Cala de Finestrat ya tiene pediatra"},"content":{"rendered":"  <p>Finestrat<\/p>   <p>Una de las principales peticiones de los vecinos que residen en La Cala y parte de las urbanizaciones ya es una realidad. La consulta de Pediatr\u00eda en el consultorio auxiliar de La Cala de Finestrat ha comenzado esta misma semana. <\/p>   <p>La edil de Sanidad, Nati Algado, acudi\u00f3 a dar la bienvenida al nuevo facultativo: \u201cEstamos muy ilusionados porque, por fin, la Generalitat ha atendido nuestra petici\u00f3n. Desde hace tiempo los vecinos de esta zona de la localidad ten\u00edan que desplazarse hasta el casco hist\u00f3rico porque solo hab\u00eda pediatra en aquel consultorio. A partir de ahora podr\u00e1n disponer de este servicio en el consultorio de La Cala\u201d.<\/p>  <p><p>M\u00e1s informaci\u00f3n<\/p><figure><img decoding=\"async\" src=\"https:\/\/cadenaser.com\/resizer\/09DUyvI2njr08NYVo6uC_41YuZ4=\/650x366\/filters:quality(70)\/cloudfront-eu-central-1.images.arcpublishing.com\/prisaradio\/CXPNKZEOWNHFBJ2BFEWR755V64.jpg\" loading=\"lazy\" width=\"828\" height=\"621\" \/><\/figure><ul><li><a href=\"https:\/\/cadenaser.com\/comunitat-valenciana\/2024\/02\/22\/finestrat-renuncia-a-la-bandera-azul-en-la-cala-para-poder-hacer-el-mantenimiento-del-deposito-anti-tormentas-radio-benidorm\/\">Finestrat renuncia a la Bandera Azul en La Cala para poder mantener el dep\u00f3sito anti tormentas<\/a><\/li><\/ul><\/p>   <p>Se estima que el consultorio auxiliar de La Cala de Finestrat da servicio a m\u00e1s de 2.000 tarjetas SIP a las que cabe sumar la poblaci\u00f3n flotante que acude en per\u00edodos tur\u00edsticos. La previsi\u00f3n es que al nuevo pediatra le asignen cerca de 400 tarjetas sanitarias.<\/p>   <p>El consultorio m\u00e9dico de La Cala est\u00e1 ubicado en la <a href=\"https:\/\/cadenaser.com\/tag\/finestrat\/a\/\" target=\"_blank\" rel=\"noopener\">Avenida Marina Baixa, n\u00ba 27<\/a>, y el tel\u00e9fono de atenci\u00f3n es <a href=\"https:\/\/cadenaser.com\/tag\/finestrat\/a\/\" target=\"_blank\" rel=\"noopener\">966 81 62 00<\/a>.<\/p> ","protected":false},"excerpt":{"rendered":"<p>Una reivindicaci\u00f3n hist\u00f3rica para que sus vecinos no se tengan que desplazar al casco hist\u00f3rico<\/p>\n","protected":false},"author":0,"featured_media":3042,"comment_status":"open","ping_status":"open","sticky":false,"template":"","format":"standard","meta":{"_acf_changed":false,"footnotes":""},"categories":[1],"tags":[],"class_list":["post-3041","post","type-post","status-publish","format-standard","has-post-thumbnail","hentry","category-sin-categoria"],"acf":{"ser_id":"MCNJQBNX2NBVZIIBBR6TTE67IM","ser_url":"https:\/\/cadenaser.com\/comunitat-valenciana\/2024\/03\/08\/la-cala-de-finestrat-ya-tiene-pediatra-radio-benidorm\/"},"_links":{"self":[{"href":"https:\/\/serbenidorm.daliisolutions.com\/index.php\/wp-json\/wp\/v2\/posts\/3041","targetHints":{"allow":["GET"]}}],"collection":[{"href":"https:\/\/serbenidorm.daliisolutions.com\/index.php\/wp-json\/wp\/v2\/posts"}],"about":[{"href":"https:\/\/serbenidorm.daliisolutions.com\/index.php\/wp-json\/wp\/v2\/types\/post"}],"replies":[{"embeddable":true,"href":"https:\/\/serbenidorm.daliisolutions.com\/index.php\/wp-json\/wp\/v2\/comments?post=3041"}],"version-history":[{"count":0,"href":"https:\/\/serbenidorm.daliisolutions.com\/index.php\/wp-json\/wp\/v2\/posts\/3041\/revisions"}],"wp:featuredmedia":[{"embeddable":true,"href":"https:\/\/serbenidorm.daliisolutions.com\/index.php\/wp-json\/wp\/v2\/media\/3042"}],"wp:attachment":[{"href":"https:\/\/serbenidorm.daliisolutions.com\/index.php\/wp-json\/wp\/v2\/media?parent=3041"}],"wp:term":[{"taxonomy":"category","embeddable":true,"href":"https:\/\/serbenidorm.daliisolutions.com\/index.php\/wp-json\/wp\/v2\/categories?post=3041"},{"taxonomy":"post_tag","embeddable":true,"href":"https:\/\/serbenidorm.daliisolutions.com\/index.php\/wp-json\/wp\/v2\/tags?post=3041"}],"curies":[{"name":"wp","href":"https:\/\/api.w.org\/{rel}","templated":true}]}}