{"id":3047,"date":"2024-03-08T16:14:58","date_gmt":"2024-03-08T15:14:58","guid":{"rendered":"https:\/\/serbenidorm.daliisolutions.com\/index.php\/2024\/03\/08\/hoy-por-hoy-benidorm-desde-la-central-de-la-policia-local\/"},"modified":"2024-03-08T16:14:58","modified_gmt":"2024-03-08T15:14:58","slug":"hoy-por-hoy-benidorm-desde-la-central-de-la-policia-local","status":"publish","type":"post","link":"https:\/\/serbenidorm.daliisolutions.com\/index.php\/2024\/03\/08\/hoy-por-hoy-benidorm-desde-la-central-de-la-policia-local\/","title":{"rendered":"Hoy por Hoy Benidorm desde la Central de la Polic\u00eda Local"},"content":{"rendered":"  <p>Benidorm<\/p>   <p>Hoy por Hoy Benidorm se ha trasladado este viernes al Centro de Control de Tr\u00e1fico y Emergencias de la Central de la Polic\u00eda Local de Benidorm. Escucha aqu\u00ed el programa completo:<\/p>  <p><p class=\"tit\"><span>Hoy por Hoy Benidorm (08\/03\/2024)<\/span><\/p> <p class=\"emb\"><iframe loading=\"lazy\" src=\"https:\/\/cadenaser.com\/embed\/audio\/460\/cadenaser_benidorm_hoyporhoybenidorm_20240308_122000_140000\/\" width=\"100%\" height=\"360\" frameborder=\"0\" allowfullscreen><\/iframe><\/p><\/p>   <p><a href=\"https:\/\/cadenaser.com\/tag\/benidorm\/a\/\" target=\"_blank\" rel=\"noopener\">Conocemos la vida diaria en el \u00abcerebro\u00bb de la Polic\u00eda<\/a>; el trabajo de la Asociaci\u00f3n Socio Cultural de la Polic\u00eda Local y conmemoramos el 8M con una tertulia con mujeres polic\u00eda que nos cuentan sus experiencias en un cuerpo donde cada vez son m\u00e1s pero donde a\u00fan son minor\u00eda.<\/p> ","protected":false},"excerpt":{"rendered":"<p>Conmemoramos el D\u00eda Internacional de la Mujer y el 180 Aniversario de la Polic\u00eda Local de Benidorm<\/p>\n","protected":false},"author":0,"featured_media":3048,"comment_status":"open","ping_status":"open","sticky":false,"template":"","format":"standard","meta":{"_acf_changed":false,"footnotes":""},"categories":[1],"tags":[],"class_list":["post-3047","post","type-post","status-publish","format-standard","has-post-thumbnail","hentry","category-sin-categoria"],"acf":{"ser_id":"YSPONSXQYJAG7PJJNQYYD6UEK4","ser_url":"https:\/\/cadenaser.com\/comunitat-valenciana\/2024\/03\/08\/hoy-por-hoy-benidorm-desde-la-central-de-la-policia-local-radio-benidorm\/"},"_links":{"self":[{"href":"https:\/\/serbenidorm.daliisolutions.com\/index.php\/wp-json\/wp\/v2\/posts\/3047","targetHints":{"allow":["GET"]}}],"collection":[{"href":"https:\/\/serbenidorm.daliisolutions.com\/index.php\/wp-json\/wp\/v2\/posts"}],"about":[{"href":"https:\/\/serbenidorm.daliisolutions.com\/index.php\/wp-json\/wp\/v2\/types\/post"}],"replies":[{"embeddable":true,"href":"https:\/\/serbenidorm.daliisolutions.com\/index.php\/wp-json\/wp\/v2\/comments?post=3047"}],"version-history":[{"count":0,"href":"https:\/\/serbenidorm.daliisolutions.com\/index.php\/wp-json\/wp\/v2\/posts\/3047\/revisions"}],"wp:featuredmedia":[{"embeddable":true,"href":"https:\/\/serbenidorm.daliisolutions.com\/index.php\/wp-json\/wp\/v2\/media\/3048"}],"wp:attachment":[{"href":"https:\/\/serbenidorm.daliisolutions.com\/index.php\/wp-json\/wp\/v2\/media?parent=3047"}],"wp:term":[{"taxonomy":"category","embeddable":true,"href":"https:\/\/serbenidorm.daliisolutions.com\/index.php\/wp-json\/wp\/v2\/categories?post=3047"},{"taxonomy":"post_tag","embeddable":true,"href":"https:\/\/serbenidorm.daliisolutions.com\/index.php\/wp-json\/wp\/v2\/tags?post=3047"}],"curies":[{"name":"wp","href":"https:\/\/api.w.org\/{rel}","templated":true}]}}