{"id":3049,"date":"2024-03-08T16:14:59","date_gmt":"2024-03-08T15:14:59","guid":{"rendered":"https:\/\/serbenidorm.daliisolutions.com\/index.php\/2024\/03\/08\/diez-restaurantes-de-la-vila-joiosa-participan-en-la-24a-mostra-de-cuina-marinera\/"},"modified":"2024-03-08T16:14:59","modified_gmt":"2024-03-08T15:14:59","slug":"diez-restaurantes-de-la-vila-joiosa-participan-en-la-24a-mostra-de-cuina-marinera","status":"publish","type":"post","link":"https:\/\/serbenidorm.daliisolutions.com\/index.php\/2024\/03\/08\/diez-restaurantes-de-la-vila-joiosa-participan-en-la-24a-mostra-de-cuina-marinera\/","title":{"rendered":"Diez restaurantes de La Vila Joiosa participan en la 24\u00aa Mostra de Cuina Marinera"},"content":{"rendered":"  <p>La Vila Joiosa<\/p>   <p>Este viernes empieza la 24\u00aa de la Mostra de Cuina Marinera. Los restaurantes <a href=\"https:\/\/cadenaser.com\/tag\/vila_joiosa\/a\/\" target=\"_blank\" rel=\"noopener\">Hogar del Pescador, Ca Marta, El P\u00f2sit, El N\u00e0utic, Club N\u00e1utico, Made, Rest\u00f3 Ren\u00e9, DRoca, Taberna Tres.14, y El Tr\u00e9bol<\/a> han preparado unos men\u00fas que cuentan, en esta edici\u00f3n, con la gamba blanca como producto estrella, por lo que cada men\u00fa incluye, al menos, un plato elaborado con esta especie.<\/p>   <p>La Mostra de la Cuina Marinera contar\u00e1 con m\u00e1s actividades, como una conferencia y una cata de vinos de Alicante a cargo de mujeres en\u00f3logas el 14 de marzo en el Espai d\u2019Art Contemporani de la Barbera, un encuentro de rederos con la colaboraci\u00f3n de la Asociaci\u00f3n de Rederos de Villajoyosa y el estreno del documental \u201cPoble de peix\u201d, producido por dos j\u00f3venes vileros que muestran la tradici\u00f3n marinera del municipio en el centro social Llar del Pensionista el d\u00eda 15 de marzo. <\/p>   <p>Descuentos en comercios<\/p>   <p>Adem\u00e1s, del 8 al 15 de marzo, la asociaci\u00f3n de comerciantes Vilacomer\u00e7 ofrecer\u00e1 descuentos en sus comercios al mostrar el tiquet de consumo de los men\u00fas participantes de la Mostra y los mismos restaurantes participantes ofrecer\u00e1n a sus clientes entradas gratuitas para visitar Vilamuseu. <\/p>  <p><p>M\u00e1s informaci\u00f3n<\/p><figure><img decoding=\"async\" src=\"https:\/\/cadenaser.com\/resizer\/S44dLaknFVDJitxtMbsHj2lOApA=\/650x366\/filters:quality(70)\/cloudfront-eu-central-1.images.arcpublishing.com\/prisaradio\/6CMJGE2SKBGOVJZWVNPTDSNRO4.jpg\" loading=\"lazy\" width=\"828\" height=\"621\" \/><\/figure><ul><li><a href=\"https:\/\/cadenaser.com\/comunitat-valenciana\/2024\/03\/07\/sanitat-anuncia-un-aumento-de-camas-en-el-proyecto-de-ampliacion-del-hospital-marina-baixa-radio-benidorm\/\">Sanitat anuncia un aumento de camas en el proyecto de ampliaci\u00f3n del Hospital Marina Baixa<\/a><\/li><\/ul><\/p>   <p>Por otro lado, se organizar\u00e1n visitas guiadas a la lonja los d\u00edas 8, 14 y 15 a las 16.00 y 16.30 horas y los interesados pueden inscribirse en la oficina de turismo.<\/p>   <p>\u201cCon la Mostra arrancamos la 24 edici\u00f3n de La Vila Gastron\u00f3mica, por lo que, por delante tenemos un calendario de eventos gastron\u00f3micos a lo largo del a\u00f1o y este a\u00f1o contamos con la reconocida chef con Estrella Michel\u00edn Susi D\u00edaz como madrina de la marca. Adem\u00e1s, empezamos la primera jornada del a\u00f1o con una gran noticia para la gastronom\u00eda vilera: el restaurante Hogar del Pescador ha revalidado un a\u00f1o m\u00e1s su Sol Repsol, por lo que felicitamos a Marta Devesa por mantener dicho galard\u00f3n culinario\u201d, expone la concejal de Turismo y Comercio, Rosa Llorca.<\/p> ","protected":false},"excerpt":{"rendered":"<p>Hasta el 15 de marzo<\/p>\n","protected":false},"author":0,"featured_media":3050,"comment_status":"open","ping_status":"open","sticky":false,"template":"","format":"standard","meta":{"_acf_changed":false,"footnotes":""},"categories":[1],"tags":[],"class_list":["post-3049","post","type-post","status-publish","format-standard","has-post-thumbnail","hentry","category-sin-categoria"],"acf":{"ser_id":"QRJCN5GKFBDH3FTK2U57DCAJA4","ser_url":"https:\/\/cadenaser.com\/comunitat-valenciana\/2024\/03\/08\/diez-restaurantes-de-la-vila-joiosa-participan-en-la-24-mostra-de-cuina-marinera-radio-benidorm\/"},"_links":{"self":[{"href":"https:\/\/serbenidorm.daliisolutions.com\/index.php\/wp-json\/wp\/v2\/posts\/3049","targetHints":{"allow":["GET"]}}],"collection":[{"href":"https:\/\/serbenidorm.daliisolutions.com\/index.php\/wp-json\/wp\/v2\/posts"}],"about":[{"href":"https:\/\/serbenidorm.daliisolutions.com\/index.php\/wp-json\/wp\/v2\/types\/post"}],"replies":[{"embeddable":true,"href":"https:\/\/serbenidorm.daliisolutions.com\/index.php\/wp-json\/wp\/v2\/comments?post=3049"}],"version-history":[{"count":0,"href":"https:\/\/serbenidorm.daliisolutions.com\/index.php\/wp-json\/wp\/v2\/posts\/3049\/revisions"}],"wp:featuredmedia":[{"embeddable":true,"href":"https:\/\/serbenidorm.daliisolutions.com\/index.php\/wp-json\/wp\/v2\/media\/3050"}],"wp:attachment":[{"href":"https:\/\/serbenidorm.daliisolutions.com\/index.php\/wp-json\/wp\/v2\/media?parent=3049"}],"wp:term":[{"taxonomy":"category","embeddable":true,"href":"https:\/\/serbenidorm.daliisolutions.com\/index.php\/wp-json\/wp\/v2\/categories?post=3049"},{"taxonomy":"post_tag","embeddable":true,"href":"https:\/\/serbenidorm.daliisolutions.com\/index.php\/wp-json\/wp\/v2\/tags?post=3049"}],"curies":[{"name":"wp","href":"https:\/\/api.w.org\/{rel}","templated":true}]}}