{"id":3094,"date":"2024-03-11T13:51:06","date_gmt":"2024-03-11T12:51:06","guid":{"rendered":"https:\/\/serbenidorm.daliisolutions.com\/index.php\/2024\/03\/11\/mario-cartagena-dimite-de-manera-irrevocable-como-entrenador-de-la-nucia\/"},"modified":"2024-03-11T13:51:06","modified_gmt":"2024-03-11T12:51:06","slug":"mario-cartagena-dimite-de-manera-irrevocable-como-entrenador-de-la-nucia","status":"publish","type":"post","link":"https:\/\/serbenidorm.daliisolutions.com\/index.php\/2024\/03\/11\/mario-cartagena-dimite-de-manera-irrevocable-como-entrenador-de-la-nucia\/","title":{"rendered":"Mario Cartagena dimite \u201cde manera irrevocable\u201d como entrenador de La Nuc\u00eda"},"content":{"rendered":"  <p>Benidorm<\/p>   <p>Apenas 24 horas despu\u00e9s de que <a href=\"https:\/\/cadenaser.com\/tag\/club_futbol_la_nucia\/a\/\" target=\"_blank\" rel=\"noopener\">La Nuc\u00eda<\/a> sumara su 16\u00aa derrota en las 26 jornadas que se llevan disputadas en la Segunda RFEF, el club ha comunicado, a trav\u00e9s de sus redes sociales, que el que ha sido su entrenador desde el pasado mes de enero tras haber tomado el relevo, en orden cronol\u00f3gico, de <a href=\"https:\/\/cadenaser.com\/comunitat-valenciana\/2024\/01\/05\/sergio-egea-deja-el-banquillo-del-cf-la-nucia-radio-benidorm\/\" target=\"_blank\" rel=\"noopener\">Sergio Egea (que tambi\u00e9n renunci\u00f3 a su puesto tras apenas un par de semanas en el cargo)<\/a>, Kiko Lacasa y <a href=\"https:\/\/cadenaser.com\/comunitat-valenciana\/2023\/10\/16\/la-nucia-fulmina-a-raul-garrido-tras-solo-seis-partidos-radio-benidorm\/\" target=\"_blank\" rel=\"noopener\">Ra\u00fal Garrido, t\u00e9cnico que comenz\u00f3 la temporada y apenas aguant\u00f3 en el banquillo hasta octubre<\/a>.<\/p>   <p>Seg\u00fan la breve nota de la entidad del Camilo Cano, en la decisi\u00f3n de Mario Cartagena no habr\u00eda tenido ninguna influencia la derrota por 4-2 sufrida en su visita al campo del Europa toda vez que el ya ext\u00e9cnico rojillo habr\u00eda comunicado su decisi\u00f3n a la plantilla antes de ese choque.<\/p>  <p><p>M\u00e1s informaci\u00f3n<\/p><figure><img decoding=\"async\" src=\"https:\/\/cadenaser.com\/resizer\/oLW-GnylCCdM3LD-x8dBBUsUvDY=\/650x366\/filters:quality(70)\/cloudfront-eu-central-1.images.arcpublishing.com\/prisaradio\/4VWCA4CL2JCT5DLOVJ2IGAUZKU.jpg\" loading=\"lazy\" width=\"828\" height=\"621\" \/><\/figure><ul><li><a href=\"https:\/\/cadenaser.com\/tag\/club_futbol_la_nucia\/a\/\">Todas las noticias del C.F. La Nuc\u00eda<\/a><\/li><\/ul><\/p>   <p>Este es, por lo tanto, el d\u00e9cimo cambio en el banquillo de La Nuc\u00eda desde el mes de enero de 2023, cuando el club, todav\u00eda en Primera RFEF, prescindi\u00f3 de C\u00e9sar Ferrando para darle la batuta a Guille Fern\u00e1ndez, hasta entonces responsable del equipo filial. Tras la destituci\u00f3n de Fern\u00e1ndez, Kiko Lacasa comenz\u00f3 su primera y breve estancia en el banquillo antes de darle el relevo a Mario Cartagena, que termin\u00f3 el a\u00f1o sin poder evitar el descenso a Segunda RFEF en una jornada final de infarto.<\/p>   <p><div><blockquote class=\"twitter-tweet\"><p lang=\"es\" dir=\"ltr\">\ud83d\udd34\ud83c\udd52\ud83c\udd55\ud83c\udd5b\ud83c\udd5d\ud83d\udd34<br><br>\ud835\uddd6\ud835\udde2\ud835\udde0\ud835\udde8\ud835\udde1\ud835\udddc\ud835\uddd6\ud835\uddd4\ud835\uddd7\ud835\udde2 \ud835\udde2\ud835\uddd9\ud835\udddc\ud835\uddd6\ud835\udddc\ud835\uddd4\ud835\udddf | Mario Cartagena dimite de manera irrevocable como entrenador del <a href=\"https:\/\/twitter.com\/cfnucia?ref_src=twsrc%5Etfw\">@cfnucia<\/a>. <br><br>El t\u00e9cnico comunic\u00f3 su decisi\u00f3n a la plantilla antes del partido frente al CE Europa. <a href=\"https:\/\/t.co\/x6R5RGsFuF\">pic.twitter.com\/x6R5RGsFuF<\/a><\/p>\u2014 CF La Nuc\u00eda (@cfnucia) <a href=\"https:\/\/twitter.com\/cfnucia\/status\/1767161332392923450?ref_src=twsrc%5Etfw\">March 11, 2024<\/a><\/blockquote>   <\/div><\/p>   <p>Tras haber sufrido much\u00edsimos problemas durante el verano para poder sacar adelante al equipo, el C.F. La Nuc\u00eda se puso en manos de Ra\u00fal Garrido, que en octubre fue fulminado para dar paso a la dupla formada por Kiko Lacasa y Pepe De la Sagra que, <a href=\"https:\/\/cadenaser.com\/comunitat-valenciana\/2023\/12\/18\/la-nucia-fulmina-a-kiko-lacasa-radio-benidorm\/\" target=\"_blank\" rel=\"noopener\">tras una fallida llegada de un grupo inversor<\/a>, fue relevada por el mexicano Sergio Egea, que se march\u00f3 junto a esos posibles inversores. Tras esa marcha, Lacasa volvi\u00f3 a ponerse temporalmente al frente del equipo antes de la llegada del ahora dimitido Cartagena.<\/p>   <p>Ahora, a falta de s\u00f3lo ocho jornadas para el final de la competici\u00f3n liguera y, por lo tanto, con 24 puntos por disputarse, La Nuc\u00eda ocupa la posici\u00f3n de colista a 16 puntos de la salvaci\u00f3n lo que, unido a la evidente inestabilidad institucional, hace <a href=\"https:\/\/cadenaser.com\/comunitat-valenciana\/2024\/02\/25\/la-nucia-se-deja-cualquier-minima-opcion-de-permanencia-en-ibiza-radio-benidorm\/\" target=\"_blank\" rel=\"noopener\">virtualmente imposible que se pueda evitar el descenso<\/a>\u2026 y ya hay quien pone incluso en duda la propia supervivencia del club m\u00e1s all\u00e1 de este verano.<\/p> ","protected":false},"excerpt":{"rendered":"<p>El ya ext\u00e9cnico rojillo habr\u00eda comunicado la decisi\u00f3n a la plantilla antes del partido de este domingo ante el Europa<\/p>\n","protected":false},"author":0,"featured_media":3095,"comment_status":"open","ping_status":"open","sticky":false,"template":"","format":"standard","meta":{"_acf_changed":false,"footnotes":""},"categories":[1],"tags":[],"class_list":["post-3094","post","type-post","status-publish","format-standard","has-post-thumbnail","hentry","category-sin-categoria"],"acf":{"ser_id":"IRTH5JTTNVA43BOEHFVM6IJLIY","ser_url":"https:\/\/cadenaser.com\/comunitat-valenciana\/2024\/03\/11\/mario-cartagena-dimite-de-manera-irrevocable-como-entrenador-de-la-nucia-radio-benidorm\/"},"_links":{"self":[{"href":"https:\/\/serbenidorm.daliisolutions.com\/index.php\/wp-json\/wp\/v2\/posts\/3094","targetHints":{"allow":["GET"]}}],"collection":[{"href":"https:\/\/serbenidorm.daliisolutions.com\/index.php\/wp-json\/wp\/v2\/posts"}],"about":[{"href":"https:\/\/serbenidorm.daliisolutions.com\/index.php\/wp-json\/wp\/v2\/types\/post"}],"replies":[{"embeddable":true,"href":"https:\/\/serbenidorm.daliisolutions.com\/index.php\/wp-json\/wp\/v2\/comments?post=3094"}],"version-history":[{"count":0,"href":"https:\/\/serbenidorm.daliisolutions.com\/index.php\/wp-json\/wp\/v2\/posts\/3094\/revisions"}],"wp:featuredmedia":[{"embeddable":true,"href":"https:\/\/serbenidorm.daliisolutions.com\/index.php\/wp-json\/wp\/v2\/media\/3095"}],"wp:attachment":[{"href":"https:\/\/serbenidorm.daliisolutions.com\/index.php\/wp-json\/wp\/v2\/media?parent=3094"}],"wp:term":[{"taxonomy":"category","embeddable":true,"href":"https:\/\/serbenidorm.daliisolutions.com\/index.php\/wp-json\/wp\/v2\/categories?post=3094"},{"taxonomy":"post_tag","embeddable":true,"href":"https:\/\/serbenidorm.daliisolutions.com\/index.php\/wp-json\/wp\/v2\/tags?post=3094"}],"curies":[{"name":"wp","href":"https:\/\/api.w.org\/{rel}","templated":true}]}}