{"id":3096,"date":"2024-03-11T15:02:08","date_gmt":"2024-03-11T14:02:08","guid":{"rendered":"https:\/\/serbenidorm.daliisolutions.com\/index.php\/2024\/03\/11\/nueve-anos-en-total-para-cinco-jovenes-franceses-que-abusaron-sexualmente-de-dos-chicas-en-su-piso-de-vacaciones-en-benidorm\/"},"modified":"2024-03-11T15:02:08","modified_gmt":"2024-03-11T14:02:08","slug":"nueve-anos-en-total-para-cinco-jovenes-franceses-que-abusaron-sexualmente-de-dos-chicas-en-su-piso-de-vacaciones-en-benidorm","status":"publish","type":"post","link":"https:\/\/serbenidorm.daliisolutions.com\/index.php\/2024\/03\/11\/nueve-anos-en-total-para-cinco-jovenes-franceses-que-abusaron-sexualmente-de-dos-chicas-en-su-piso-de-vacaciones-en-benidorm\/","title":{"rendered":"Nueve a\u00f1os en total para cinco j\u00f3venes franceses que abusaron sexualmente de dos chicas en su piso de vacaciones en Benidorm"},"content":{"rendered":"  <p>Alicante<\/p>   <p>Cinco j\u00f3venes franceses acusados de abusar sexualmente de dos chicas noruegas el 6 de agosto de 2019 en un apartamento de Benidorm, han llegado a un acuerdo de conformidad para asumir los nueve a\u00f1os de c\u00e1rcel dictados en global este lunes por el juez en la Secci\u00f3n Tercera de la Audiencia Provincial de Alicante.<\/p>   <p>Los acusados han sido condenados a penas que van desde los cuatro a\u00f1os a los seis meses de c\u00e1rcel por violar grupalmente a una de las j\u00f3venes e intentarlo con otra.<\/p>   <p>Se hab\u00edan conocido a trav\u00e9s de una aplicaci\u00f3n en Benidorm, donde se encontraban de vacaciones.<\/p>   <p><p>M\u00e1s informaci\u00f3n<\/p><ul><li><a href=\"https:\/\/cadenaser.com\/comunitat-valenciana\/2023\/11\/20\/fiscalia-pide-doce-anos-y-tres-meses-de-prision-para-tres-hombres-acusados-de-abusar-sexualmente-de-una-mujer-en-benidorm-radio-benidorm\/\">La v\u00edctima de una violaci\u00f3n grupal en Benidorm cree que le introdujeron droga en la bebida<\/a><\/li><li><a href=\"https:\/\/cadenaser.com\/comunitat-valenciana\/2023\/11\/23\/la-victima-de-15-anos-de-la-violacion-grupal-de-dolores-recibe-atencion-psicologica-radio-alicante\/\">La v\u00edctima de 15 a\u00f1os de la violaci\u00f3n grupal de Dolores recibe atenci\u00f3n psicol\u00f3gica<\/a><\/li><\/ul><\/p>   <p>Las dos v\u00edctimas acudieron a la casa y todos consumieron alcohol, especialmente una de ellas. A continuaci\u00f3n, uno de los encausados fue con ella hasta una habitaci\u00f3n de la casa y mantuvieron relaciones, pese a la merma de capacidades y la vulnerabilidad de \u00e9sta. Otros dos acusados condujeron a la otra v\u00edctima a otra habitaci\u00f3n, la sometieron a tocamientos e intentaron quitarle la ropa, a lo que ella se neg\u00f3 rotundamente.<\/p>   <p>En ese momento, \u00e9sta \u00faltima busc\u00f3 a su amiga en la otra habitaci\u00f3n, donde se encontraba con los otros tres procesados quienes, seg\u00fan la acusaci\u00f3n p\u00fablica, abusaron de ella.<\/p>   <p>El Ministerio Fiscal llegaba a pedir penas de entre 14 y dos a\u00f1os y medio por cuatro delitos de abuso sexual, que al final se han quedado en dos a\u00f1os por cada uno de los abusos, al aceptarse como atenuantes: la confesi\u00f3n del delito, reparaci\u00f3n del da\u00f1o y dilaciones indebidas. En total, son 9 a\u00f1os de condena, con penas que van desde los cuatro a\u00f1os a los seis meses de c\u00e1rcel.<\/p>   <p>Adem\u00e1s, deber\u00e1n someterse a libertad vigilada por 5 a\u00f1os y 3 a\u00f1os de alejamiento respecto a las dos v\u00edctimas para los tres primeros procesados, y un a\u00f1o de libertad vigilada y dos de alejamiento para los otros dos encausados.<\/p>   <p>Por lo que respecta de la responsabilidad civil, los tres primeros condenados deber\u00e1n indemnizar a la v\u00edctima de la violaci\u00f3n de forma conjunta y solidaria en la cantidad de 31.840 euros, de los cuales se han entregado ya 13.840, mientras que los dos procesados restantes deber\u00e1n compensar a la segunda mujer con otros 3.000 euros cada uno de ellos.<\/p>   <p>La declaraci\u00f3n de las dos j\u00f3venes noruegas, por videoconferencia, desde Reino Unido, han sido lac\u00f3nicas: lo justo para ratificarse en lo declarado en su d\u00eda en los juzgados de Benidorm. Y los acusados tampoco han tenido que tomar la palabra, salvo para mostrar su conformidad con el acuerdo para la sentencia, que la defensa ya ha anunciado en sala que no va a recurrir.<\/p>   <p>El ingreso en prisi\u00f3n queda suspendido, con el argumento de que se trata de \u00abdelincuentes primarios\u00bb, a condici\u00f3n de que se confirme la totalidad del pago de las indemnizaciones establecidas.<\/p>   <p>Se ha dictado \u00abin voce\u00bb sentencia condenatoria, con lo que se anula el resto de las sesiones previstas para los d\u00edas 12, 13 y 14.<\/p> ","protected":false},"excerpt":{"rendered":"<p>El Ministerio Fiscal llegaba a pedir penas de entre 14 y dos a\u00f1os y medio por cuatro delitos de abuso sexual, pero se les han aplicado tres atenuantes<\/p>\n","protected":false},"author":0,"featured_media":3097,"comment_status":"open","ping_status":"open","sticky":false,"template":"","format":"standard","meta":{"_acf_changed":false,"footnotes":""},"categories":[1],"tags":[],"class_list":["post-3096","post","type-post","status-publish","format-standard","has-post-thumbnail","hentry","category-sin-categoria"],"acf":{"ser_id":"LKMFKIXZXRBHZP5SOLGJRCLS3E","ser_url":"https:\/\/cadenaser.com\/comunitat-valenciana\/2024\/03\/11\/nueve-anos-en-total-para-cinco-jovenes-franceses-que-abusaron-sexualmente-de-dos-chicas-en-su-piso-de-vacaciones-en-benidorm-radio-alicante\/"},"_links":{"self":[{"href":"https:\/\/serbenidorm.daliisolutions.com\/index.php\/wp-json\/wp\/v2\/posts\/3096","targetHints":{"allow":["GET"]}}],"collection":[{"href":"https:\/\/serbenidorm.daliisolutions.com\/index.php\/wp-json\/wp\/v2\/posts"}],"about":[{"href":"https:\/\/serbenidorm.daliisolutions.com\/index.php\/wp-json\/wp\/v2\/types\/post"}],"replies":[{"embeddable":true,"href":"https:\/\/serbenidorm.daliisolutions.com\/index.php\/wp-json\/wp\/v2\/comments?post=3096"}],"version-history":[{"count":0,"href":"https:\/\/serbenidorm.daliisolutions.com\/index.php\/wp-json\/wp\/v2\/posts\/3096\/revisions"}],"wp:featuredmedia":[{"embeddable":true,"href":"https:\/\/serbenidorm.daliisolutions.com\/index.php\/wp-json\/wp\/v2\/media\/3097"}],"wp:attachment":[{"href":"https:\/\/serbenidorm.daliisolutions.com\/index.php\/wp-json\/wp\/v2\/media?parent=3096"}],"wp:term":[{"taxonomy":"category","embeddable":true,"href":"https:\/\/serbenidorm.daliisolutions.com\/index.php\/wp-json\/wp\/v2\/categories?post=3096"},{"taxonomy":"post_tag","embeddable":true,"href":"https:\/\/serbenidorm.daliisolutions.com\/index.php\/wp-json\/wp\/v2\/tags?post=3096"}],"curies":[{"name":"wp","href":"https:\/\/api.w.org\/{rel}","templated":true}]}}