{"id":31,"date":"2023-11-29T15:21:08","date_gmt":"2023-11-29T14:21:08","guid":{"rendered":"https:\/\/serbenidorm.daliisolutions.com\/index.php\/2023\/11\/29\/la-victima-de-una-violacion-grupal-en-benidorm-cree-que-le-introdujeron-droga-en-la-bebida\/"},"modified":"2023-11-29T15:21:08","modified_gmt":"2023-11-29T14:21:08","slug":"la-victima-de-una-violacion-grupal-en-benidorm-cree-que-le-introdujeron-droga-en-la-bebida","status":"publish","type":"post","link":"https:\/\/serbenidorm.daliisolutions.com\/index.php\/2023\/11\/29\/la-victima-de-una-violacion-grupal-en-benidorm-cree-que-le-introdujeron-droga-en-la-bebida\/","title":{"rendered":"La v\u00edctima de una violaci\u00f3n grupal en Benidorm cree que le introdujeron droga en la bebida"},"content":{"rendered":" Benidorm  La turista brit\u00e1nica v\u00edctima de una violaci\u00f3n grupal en un descampado aleda\u00f1o a la <a href=\"https:\/\/cadenaser.com\/tag\/benidorm\/a\/\" target=\"_blank\" rel=\"noopener\">zona de las discotecas de Benidorm<\/a>, el 1 de octubre de 2016, ha se\u00f1alado en el juicio, mediante videoconferencia desde el Reino Unido, que cree que le introdujeron alg\u00fan tipo de droga en la bebida, lo que pudo hacer que quedara inconsciente.  As\u00ed lo ha afirmado en el juicio que se sigue en la Secci\u00f3n Primera de la<a href=\"https:\/\/cadenaser.com\/tag\/tsjv_tribunal_superior_justicia_valencia\/a\/\" target=\"_blank\" rel=\"noopener\"> Audiencia Provincial de Alicante <\/a>contra tres hombres considerados autores de la agresi\u00f3n sexual, un espa\u00f1ol y dos de origen magreb\u00ed, que en cambio han manifestado su inocencia.  La Fiscal\u00eda solicita doce a\u00f1os y tres meses de prisi\u00f3n para cada uno por tres delitos continuados de agresi\u00f3n sexual, as\u00ed como de un delito de robo por la presunta sustracci\u00f3n de un reloj y de un anillo que portaba la v\u00edctima (valorado en 497 euros), mientras que las tres defensas demandan la libre absoluci\u00f3n.  <p><p class=\"tit\"><span>Hora 14 Benidorm (20\/11\/2023)<\/span><\/p> <p class=\"emb\"><\/p><\/p>  La v\u00edctima ha asegurado que no recordaba con precisi\u00f3n los hechos al encontrarse en estado de inconsciencia pero ha contado que estaba de celebraci\u00f3n familiar en un pub de la zona de Levante de Benidorm y que solo recuerda que una persona se la llev\u00f3 en el momento en el que hab\u00eda salido para fumar en la calle.  Despu\u00e9s, ha declarado que solo recordaba que hab\u00eda despertado tumbada boca abajo en el asiento trasero de un coche, con el mono que portaba desabrochado y con las piernas fuera del veh\u00edculo, y que en ese momento vio a \u201ctres o cuatro hombres\u201d que estaban en el exterior del coche.  Ha relatado que sali\u00f3 del veh\u00edculo y que en ese instante uno de los hombres le dijo que lo sent\u00eda, y que m\u00e1s tarde empez\u00f3 a caminar y logr\u00f3 que alguien le parase un taxi para volver al hotel, donde cont\u00f3 lo sucedido a su madre y acudieron a la Polic\u00eda para presentar denuncia.  <p>M\u00e1s informaci\u00f3n<\/p><ul><li><a href=\"https:\/\/cadenaser.com\/comunitat-valenciana\/2023\/11\/07\/un-acusado-de-distribuir-pornografia-pedofila-desde-benidorm-niega-haber-grabado-los-videos-incautados-radio-benidorm\/\">Un acusado de distribuir pornograf\u00eda ped\u00f3fila desde Benidorm niega haber grabado los v\u00eddeos incautados<\/a><\/li><\/ul>  Respecto a las causas por las que se encontraba inconsciente, ha apuntado que alguien pudo introducir droga en su bebida y solo ha admitido haber bebido tres o cuatro combinados con alcohol. Ha agregado que recuper\u00f3 la consciencia no sab\u00eda si alguien la hab\u00eda penetrado, pero s\u00ed que sent\u00eda dolor en sus \u00f3rganos sexuales y en sus piernas.  Durante la vista solo uno de los procesados, de nacionalidad espa\u00f1ola, ha admitido a preguntas de su abogado defensor que hab\u00eda mantenido relaciones sexuales con la supuesta v\u00edctima, pero que estas fueron consentidas y por \u201ciniciativa de ella\u201d, en un momento en el que los otros dos procesados hab\u00edan acudido a comprar coca\u00edna para continuar con la fiesta, despu\u00e9s de haber estado bebiendo juntos.  Ha admitido que \u00e9l acompa\u00f1\u00f3 a los otros dos procesados y a la v\u00edctima hasta un solar situado cerca de la zona de las discotecas de Benidorm, junto al aparcamiento del rastro El Cisne, aunque ha agregado que all\u00ed se baj\u00f3 del veh\u00edculo y permaneci\u00f3 en el exterior sin saber qu\u00e9 paso, tras lo cual vio que la chica \u201csali\u00f3 llorando del coche y vino a abrazarme\u201d, diciendo que le faltaba el anillo y el reloj y que \u00e9l le pidi\u00f3 un taxi.  El segundo de los procesados, de origen magreb\u00ed, ha sostenido que conoc\u00eda a los otros dos acusados al convivir en el mismo barrio, y ha descartado cualquier responsabilidad al apuntar que \u00e9l se hab\u00eda limitado a llevarlos en coche, un veh\u00edculo marca Audi, hasta la zona de las discotecas, sin intervenir m\u00e1s.  Respecto al hallazgo de restos de ADN compatibles con los suyos en la ropa de la chica, ha se\u00f1alado que debi\u00f3 deberse a que fue \u00e9l quien la sac\u00f3 de su veh\u00edculo a la fuerza porque ella \u201cestaba muy borracha\u201d y no quer\u00eda bajar, y ha a\u00f1adido que los otros dos acusados le han podido se\u00f1alar porque le hab\u00edan pedido trabajo en su restaurante y \u00e9l se hab\u00eda negado a admitirlos. El tercero de los acusados, tambi\u00e9n de origen magreb\u00ed, se ha acogido a su derecho a no prestar declaraci\u00f3n. ","protected":false},"excerpt":{"rendered":"<p>Fiscal\u00eda pide doce a\u00f1os y tres meses de prisi\u00f3n para los tres hombres acusados<\/p>\n","protected":false},"author":0,"featured_media":32,"comment_status":"open","ping_status":"open","sticky":false,"template":"","format":"standard","meta":{"_acf_changed":false,"footnotes":""},"categories":[1],"tags":[],"class_list":["post-31","post","type-post","status-publish","format-standard","has-post-thumbnail","hentry","category-sin-categoria"],"acf":{"ser_id":"WPPCNTXSGRCKDEDTWEA2AEKH54","ser_url":""},"_links":{"self":[{"href":"https:\/\/serbenidorm.daliisolutions.com\/index.php\/wp-json\/wp\/v2\/posts\/31","targetHints":{"allow":["GET"]}}],"collection":[{"href":"https:\/\/serbenidorm.daliisolutions.com\/index.php\/wp-json\/wp\/v2\/posts"}],"about":[{"href":"https:\/\/serbenidorm.daliisolutions.com\/index.php\/wp-json\/wp\/v2\/types\/post"}],"replies":[{"embeddable":true,"href":"https:\/\/serbenidorm.daliisolutions.com\/index.php\/wp-json\/wp\/v2\/comments?post=31"}],"version-history":[{"count":0,"href":"https:\/\/serbenidorm.daliisolutions.com\/index.php\/wp-json\/wp\/v2\/posts\/31\/revisions"}],"wp:featuredmedia":[{"embeddable":true,"href":"https:\/\/serbenidorm.daliisolutions.com\/index.php\/wp-json\/wp\/v2\/media\/32"}],"wp:attachment":[{"href":"https:\/\/serbenidorm.daliisolutions.com\/index.php\/wp-json\/wp\/v2\/media?parent=31"}],"wp:term":[{"taxonomy":"category","embeddable":true,"href":"https:\/\/serbenidorm.daliisolutions.com\/index.php\/wp-json\/wp\/v2\/categories?post=31"},{"taxonomy":"post_tag","embeddable":true,"href":"https:\/\/serbenidorm.daliisolutions.com\/index.php\/wp-json\/wp\/v2\/tags?post=31"}],"curies":[{"name":"wp","href":"https:\/\/api.w.org\/{rel}","templated":true}]}}