{"id":3125,"date":"2024-03-12T11:12:00","date_gmt":"2024-03-12T10:12:00","guid":{"rendered":"https:\/\/serbenidorm.daliisolutions.com\/index.php\/2024\/03\/12\/detenido-en-benidorm-con-22-kilos-de-marihuana-tras-saltarse-un-control-y-protagonizar-una-peligrosa-huida\/"},"modified":"2024-03-12T11:12:00","modified_gmt":"2024-03-12T10:12:00","slug":"detenido-en-benidorm-con-22-kilos-de-marihuana-tras-saltarse-un-control-y-protagonizar-una-peligrosa-huida","status":"publish","type":"post","link":"https:\/\/serbenidorm.daliisolutions.com\/index.php\/2024\/03\/12\/detenido-en-benidorm-con-22-kilos-de-marihuana-tras-saltarse-un-control-y-protagonizar-una-peligrosa-huida\/","title":{"rendered":"Detenido en Benidorm con 22 kilos de marihuana tras saltarse un control y protagonizar una peligrosa huida"},"content":{"rendered":"  <p>Benidorm<\/p>   <p>La Polic\u00eda Nacional ha detenido en Benidorm a un hombre de 35 a\u00f1os y nacionalidad montenegrina por la presunta comisi\u00f3n de los delitos de tr\u00e1fico de drogas, atentado a agente de la autoridad, falsedad documental y delito contra la seguridad vial, const\u00e1ndole adem\u00e1s de todo esto una Orden Internacional de detenci\u00f3n (OID) por parte de las autoridades de su pa\u00eds por tr\u00e1fico de drogas.<\/p>   <p>La intervenci\u00f3n policial empezaba cuando los agentes de la Polic\u00eda Nacional adscritos a la Unidad de Prevenci\u00f3n y Reacci\u00f3n (UPR) de la Comisar\u00eda de Benidorm estaban realizando un <a href=\"https:\/\/cadenaser.com\/tag\/benidorm\/a\/\" target=\"_blank\" rel=\"noopener\">control preventivo en una c\u00e9ntrica calle de la localidad<\/a>. <\/p>   <p>Entonces el hombre hizo caso omiso a las se\u00f1ales de los agentes y se salt\u00f3 el control policial a gran velocidad teniendo los agentes que apartarse r\u00e1pidamente de la trayectoria del veh\u00edculo para no ser atropellados.<\/p>   <p>Peligrosa huida por las calles de Benidorm<\/p>   <p>Seguidamente las patrullas iniciaron una persecuci\u00f3n tras el veh\u00edculo fugado por diferentes calles de la capital tur\u00edstica, el cual debido a la velocidad a la que circulaba y tambi\u00e9n a que no respet\u00f3 las se\u00f1ales de circulaci\u00f3n de la v\u00eda, puso en peligro la seguridad del resto de veh\u00edculos as\u00ed como de los peatones que circulaban por esas calles en esos momentos.<\/p>  <p><p>M\u00e1s informaci\u00f3n<\/p><figure><img decoding=\"async\" src=\"https:\/\/cadenaser.com\/resizer\/44UM5dQma9Aa1VBfb-rhGmHYFeY=\/650x366\/filters:quality(70)\/cloudfront-eu-central-1.images.arcpublishing.com\/prisaradio\/WD2TT6NPVJDETPFWKZLQUI7PQ4.jpg\" loading=\"lazy\" width=\"828\" height=\"621\" \/><\/figure><ul><li><a href=\"https:\/\/cadenaser.com\/comunitat-valenciana\/2024\/03\/06\/detenidos-in-fraganti-los-dos-responsables-de-una-veintena-de-robos-en-benidorm-y-el-albir-radio-benidorm\/\">Detenidos in fraganti los dos responsables de una veintena de robos en Benidorm y El Albir<\/a><\/li><\/ul><\/p>   <p>En el momento de la detenci\u00f3n, cuando lleg\u00f3 a agredir a un agente, el detenido llevaba entre sus pertenencias 11.510 euros en efectivo fraccionados en m\u00faltiples billetes de diferente valor.<\/p>   <p>Tras ser revisado el veh\u00edculo abandonado por el detenido, los agentes hallaron en su interior una bolsa de color negro de grandes dimensiones que conten\u00eda cuatro paquetes de marihuana embalados al vac\u00edo con un peso total de 22.840 gramos, as\u00ed como tambi\u00e9n una b\u00e1scula de pesaje.<\/p>   <p>Por si esto fuera poco, tras ser consultadas las bases de datos policiales, al detenido le constaba una Orden Internacional de Detenci\u00f3n (OID) de Interpol por parte de las autoridades de Montenegro por un delito de tr\u00e1fico de drogas.<\/p>   <p>El fugitivo hab\u00eda huido de Montenegro y se ocultaba en Espa\u00f1a tras haber sido condenado en el a\u00f1o 2017 a cuatro de a\u00f1os de prisi\u00f3n por haber sido detenido en Montenegro por tr\u00e1fico de drogas. Lo curioso del caso es que fue interceptado por la polic\u00eda montenegrina tras cruzar la frontera procedente de Albania montado a caballo y cargado con m\u00e1s de 121 kilogramos de marihuana.<\/p>   <p>El detenido ha sido puesto a disposici\u00f3n del Juzgado de Instrucci\u00f3n Central de la Audiencia Nacional, que es el \u00f3rgano judicial encargado de tramitar su extradici\u00f3n.<\/p> ","protected":false},"excerpt":{"rendered":"<p>El arrestado se ocultaba en Espa\u00f1a de la justicia de Montenegro<\/p>\n","protected":false},"author":0,"featured_media":3126,"comment_status":"open","ping_status":"open","sticky":false,"template":"","format":"standard","meta":{"_acf_changed":false,"footnotes":""},"categories":[1],"tags":[],"class_list":["post-3125","post","type-post","status-publish","format-standard","has-post-thumbnail","hentry","category-sin-categoria"],"acf":{"ser_id":"5GBJT5GDZVGD7NYZ7QY667B5V4","ser_url":"https:\/\/cadenaser.com\/comunitat-valenciana\/2024\/03\/12\/detenido-en-benidorm-con-22-kilos-de-marihuana-tras-saltarse-un-control-y-protagonizar-una-peligrosa-huida-radio-benidorm\/"},"_links":{"self":[{"href":"https:\/\/serbenidorm.daliisolutions.com\/index.php\/wp-json\/wp\/v2\/posts\/3125","targetHints":{"allow":["GET"]}}],"collection":[{"href":"https:\/\/serbenidorm.daliisolutions.com\/index.php\/wp-json\/wp\/v2\/posts"}],"about":[{"href":"https:\/\/serbenidorm.daliisolutions.com\/index.php\/wp-json\/wp\/v2\/types\/post"}],"replies":[{"embeddable":true,"href":"https:\/\/serbenidorm.daliisolutions.com\/index.php\/wp-json\/wp\/v2\/comments?post=3125"}],"version-history":[{"count":0,"href":"https:\/\/serbenidorm.daliisolutions.com\/index.php\/wp-json\/wp\/v2\/posts\/3125\/revisions"}],"wp:featuredmedia":[{"embeddable":true,"href":"https:\/\/serbenidorm.daliisolutions.com\/index.php\/wp-json\/wp\/v2\/media\/3126"}],"wp:attachment":[{"href":"https:\/\/serbenidorm.daliisolutions.com\/index.php\/wp-json\/wp\/v2\/media?parent=3125"}],"wp:term":[{"taxonomy":"category","embeddable":true,"href":"https:\/\/serbenidorm.daliisolutions.com\/index.php\/wp-json\/wp\/v2\/categories?post=3125"},{"taxonomy":"post_tag","embeddable":true,"href":"https:\/\/serbenidorm.daliisolutions.com\/index.php\/wp-json\/wp\/v2\/tags?post=3125"}],"curies":[{"name":"wp","href":"https:\/\/api.w.org\/{rel}","templated":true}]}}