{"id":3130,"date":"2024-03-12T13:41:47","date_gmt":"2024-03-12T12:41:47","guid":{"rendered":"https:\/\/serbenidorm.daliisolutions.com\/index.php\/2024\/03\/12\/cambios-en-el-trafico-de-la-vila-joiosa-asi-afectan-las-obras-del-parque-censal\/"},"modified":"2024-03-12T13:41:47","modified_gmt":"2024-03-12T12:41:47","slug":"cambios-en-el-trafico-de-la-vila-joiosa-asi-afectan-las-obras-del-parque-censal","status":"publish","type":"post","link":"https:\/\/serbenidorm.daliisolutions.com\/index.php\/2024\/03\/12\/cambios-en-el-trafico-de-la-vila-joiosa-asi-afectan-las-obras-del-parque-censal\/","title":{"rendered":"Cambios en el tr\u00e1fico de La Vila Joiosa. as\u00ed afectan las obras del parque Censal"},"content":{"rendered":"  <p>La Vila Joiosa<\/p>   <p>La v\u00eda de acceso que sube desde la avenida del Puerto hasta la avenida Pa\u00eds Valenci\u00e0, que bordea el parque Censal,<a href=\"https:\/\/cadenaser.com\/tag\/vila_joiosa\/a\/\" target=\"_blank\" rel=\"noopener\"> ser\u00e1 cortada al tr\u00e1fico rodado de veh\u00edculos y se convertir\u00e1 en un vial de uso peatonal desde este mi\u00e9rcoles 13 de marzo<\/a>. Este cambio de uso del vial se deriva del inicio de las obras rehabilitaci\u00f3n y acondicionamiento de trazados para la accesibilidad en este jard\u00edn.<\/p>   <p>Est\u00e1 previsto que durante el per\u00edodo de ocho meses en el que e lleven a cabo estas actuaciones en el parque solo podr\u00e1n circular los veh\u00edculos por la calle Censal, que acceder\u00e1n a ella desde la avenida del Pa\u00eds Valenci\u00e0 con el fin de utilizar los aparcamientos dispuestos en los garajes privados existentes en la zona.<\/p>   <p>Sin embargo, durante los meses de verano, per\u00edodo durante el que se prev\u00e9 mayor afluencia de peatones, se habilitar\u00e1n zonas del parque Censal para garantizar la movilidad de los peatones entre la playa centro y el centro urbano, de manera que los viandantes podr\u00e1n acceder a zonas determinadas que permitan su tr\u00e1nsito.<\/p> ","protected":false},"excerpt":{"rendered":"<p>Se corta el tr\u00e1fico rodado en la v\u00eda de acceso desde la playa hasta la avenida Pa\u00eds Valenci\u00e0 durante ocho meses<\/p>\n","protected":false},"author":0,"featured_media":3131,"comment_status":"open","ping_status":"open","sticky":false,"template":"","format":"standard","meta":{"_acf_changed":false,"footnotes":""},"categories":[1],"tags":[],"class_list":["post-3130","post","type-post","status-publish","format-standard","has-post-thumbnail","hentry","category-sin-categoria"],"acf":{"ser_id":"PYAKLTNUGBE4ZDXLXMXEJXNP2E","ser_url":"https:\/\/cadenaser.com\/comunitat-valenciana\/2024\/03\/12\/cambios-en-el-trafico-de-la-vila-joiosa-asi-afectan-las-obras-del-parque-censal-radio-benidorm\/"},"_links":{"self":[{"href":"https:\/\/serbenidorm.daliisolutions.com\/index.php\/wp-json\/wp\/v2\/posts\/3130","targetHints":{"allow":["GET"]}}],"collection":[{"href":"https:\/\/serbenidorm.daliisolutions.com\/index.php\/wp-json\/wp\/v2\/posts"}],"about":[{"href":"https:\/\/serbenidorm.daliisolutions.com\/index.php\/wp-json\/wp\/v2\/types\/post"}],"replies":[{"embeddable":true,"href":"https:\/\/serbenidorm.daliisolutions.com\/index.php\/wp-json\/wp\/v2\/comments?post=3130"}],"version-history":[{"count":0,"href":"https:\/\/serbenidorm.daliisolutions.com\/index.php\/wp-json\/wp\/v2\/posts\/3130\/revisions"}],"wp:featuredmedia":[{"embeddable":true,"href":"https:\/\/serbenidorm.daliisolutions.com\/index.php\/wp-json\/wp\/v2\/media\/3131"}],"wp:attachment":[{"href":"https:\/\/serbenidorm.daliisolutions.com\/index.php\/wp-json\/wp\/v2\/media?parent=3130"}],"wp:term":[{"taxonomy":"category","embeddable":true,"href":"https:\/\/serbenidorm.daliisolutions.com\/index.php\/wp-json\/wp\/v2\/categories?post=3130"},{"taxonomy":"post_tag","embeddable":true,"href":"https:\/\/serbenidorm.daliisolutions.com\/index.php\/wp-json\/wp\/v2\/tags?post=3130"}],"curies":[{"name":"wp","href":"https:\/\/api.w.org\/{rel}","templated":true}]}}