{"id":3132,"date":"2024-03-12T13:41:47","date_gmt":"2024-03-12T12:41:47","guid":{"rendered":"https:\/\/serbenidorm.daliisolutions.com\/index.php\/2024\/03\/12\/el-pp-denuncia-la-situacion-del-trafico-en-altea-por-la-mala-planificacion-de-compromis\/"},"modified":"2024-03-12T13:41:47","modified_gmt":"2024-03-12T12:41:47","slug":"el-pp-denuncia-la-situacion-del-trafico-en-altea-por-la-mala-planificacion-de-compromis","status":"publish","type":"post","link":"https:\/\/serbenidorm.daliisolutions.com\/index.php\/2024\/03\/12\/el-pp-denuncia-la-situacion-del-trafico-en-altea-por-la-mala-planificacion-de-compromis\/","title":{"rendered":"El PP denuncia la situaci\u00f3n del tr\u00e1fico en Altea por \u00abla mala planificaci\u00f3n de Comprom\u00eds\u00bb"},"content":{"rendered":"  <p>Altea<\/p>   <p>Altea est\u00e1, literalmente, \u201clevantada\u201d. Eso, al menos, es lo que critica la portavoz del Partido Popular en la Villa Blanca, Roc\u00edo G\u00f3mez, que ha criticado que \u201cla falta de planificaci\u00f3n de Comprom\u00eds\u201d, que gobierna en coalici\u00f3n con el PSPV-PSOE, est\u00e1 dificultando el tr\u00e1fico \u201cen las principales arterias\u201d alteanas \u201cgenerando atascos continuos y haciendo casi imposible aparcar\u201d.<\/p>   <p>En ese mismo sentido, G\u00f3mez ha afirmado que <a href=\"https:\/\/cadenaser.com\/tag\/altea\/a\/\" target=\"_blank\" rel=\"noopener\">\u201centre las obras que se eternizan en el tiempo porque no se cumple con los plazos como las de las calles del Sol y Alicante y el inicio de otras al mismo tiempo cerrando calles y eliminando aparcamientos hacen que Altea este inmersa en un caos circulatorio\u201d<\/a>.<\/p>   <p>En opini\u00f3n de la portavoz \u2018popular\u2019 de la Villa Blanca, \u201chay que resaltar las obras que nadie ha pedido y que son m\u00e1s por capricho del equipo de gobierno que por la necesidad de su ejecuci\u00f3n, como la avenida Comunidad Valenciana o el nuevo puente del tren, suponen un perjuicio no s\u00f3lo por la reducci\u00f3n del aparcamiento, sino tambi\u00e9n por la restricci\u00f3n del tr\u00e1fico en esas zonas, llegando a cortarse el tr\u00e1fico de entrada por el matadero y restringiendo con un sem\u00e1foro \u2018provisional\u2019, que esperemos que no se quede definitivo como el del Club N\u00e1utico, con todos los problemas que conlleva\u201d.<\/p>  <p><figure><img decoding=\"async\" src=\"https:\/\/cadenaser.com\/resizer\/w7CB9PXR-gM3wdG4cR_vZImjf7g=\/650x366\/filters:quality(70)\/cloudfront-eu-central-1.images.arcpublishing.com\/prisaradio\/Y54DS5VS5JAADMR57ONBW4OZMY.jpg\" loading=\"lazy\" width=\"240\" height=\"135\" \/><\/figure><div><a href=\"https:\/\/cadenaser.com\/comunitat-valenciana\/2024\/03\/12\/detenido-en-benidorm-con-22-kilos-de-marihuana-tras-saltarse-un-control-y-protagonizar-una-peligrosa-huida-radio-benidorm\/\">Detenido en Benidorm con 22 kilos de marihuana tras saltarse un control y protagonizar una peligrosa huida<\/a><p><\/p><\/div><\/p>   <p>\u201cTodo ello\u201d, ha a\u00f1adido Roc\u00edo G\u00f3mez, \u201csumado a cortes de tr\u00e1fico, sem\u00e1foros provisionales y obras diversas en la avenida La nuc\u00eda o a la altura del Club de Tenis hacen de Altea un lugar intransitable, convirti\u00e9ndole en una aut\u00e9ntica ratonera, con los principales viales de acceso al municipio cortados o con el tr\u00e1fico restringido, dejando como \u00fanica opci\u00f3n para circular la N-332, creando colas kilom\u00e9tricas en los dos sentidos y eso que estamos en temporada baja\u201d.<\/p>   <p>Por todo ello, desde el Partido Popular alteano se exige que \u201cse realice una planificaci\u00f3n en el tiempo para que, o bien se finalicen las obras o, por lo menos, se permita el acceso a los diferentes viales y calles, facilitando el tr\u00e1nsito por nuestro municipio cara a Semana Santa\u201d.<\/p> ","protected":false},"excerpt":{"rendered":"<p>Su portavoz Roc\u00edo G\u00f3mez critica retrasos en las obras y asegura que el gobierno local ha convertido Altea \u00aben una ratonera que provoca el caos circulatorio\u00bb<\/p>\n","protected":false},"author":0,"featured_media":3133,"comment_status":"open","ping_status":"open","sticky":false,"template":"","format":"standard","meta":{"_acf_changed":false,"footnotes":""},"categories":[1],"tags":[],"class_list":["post-3132","post","type-post","status-publish","format-standard","has-post-thumbnail","hentry","category-sin-categoria"],"acf":{"ser_id":"BURERZ3OSVA4BNPDY3SL4G5CCE","ser_url":"https:\/\/cadenaser.com\/comunitat-valenciana\/2024\/03\/12\/el-pp-denuncia-la-situacion-del-trafico-en-altea-por-la-mala-planificacion-de-compromis-radio-benidorm\/"},"_links":{"self":[{"href":"https:\/\/serbenidorm.daliisolutions.com\/index.php\/wp-json\/wp\/v2\/posts\/3132","targetHints":{"allow":["GET"]}}],"collection":[{"href":"https:\/\/serbenidorm.daliisolutions.com\/index.php\/wp-json\/wp\/v2\/posts"}],"about":[{"href":"https:\/\/serbenidorm.daliisolutions.com\/index.php\/wp-json\/wp\/v2\/types\/post"}],"replies":[{"embeddable":true,"href":"https:\/\/serbenidorm.daliisolutions.com\/index.php\/wp-json\/wp\/v2\/comments?post=3132"}],"version-history":[{"count":0,"href":"https:\/\/serbenidorm.daliisolutions.com\/index.php\/wp-json\/wp\/v2\/posts\/3132\/revisions"}],"wp:featuredmedia":[{"embeddable":true,"href":"https:\/\/serbenidorm.daliisolutions.com\/index.php\/wp-json\/wp\/v2\/media\/3133"}],"wp:attachment":[{"href":"https:\/\/serbenidorm.daliisolutions.com\/index.php\/wp-json\/wp\/v2\/media?parent=3132"}],"wp:term":[{"taxonomy":"category","embeddable":true,"href":"https:\/\/serbenidorm.daliisolutions.com\/index.php\/wp-json\/wp\/v2\/categories?post=3132"},{"taxonomy":"post_tag","embeddable":true,"href":"https:\/\/serbenidorm.daliisolutions.com\/index.php\/wp-json\/wp\/v2\/tags?post=3132"}],"curies":[{"name":"wp","href":"https:\/\/api.w.org\/{rel}","templated":true}]}}