{"id":3181,"date":"2024-03-13T16:23:46","date_gmt":"2024-03-13T15:23:46","guid":{"rendered":"https:\/\/serbenidorm.daliisolutions.com\/index.php\/2024\/03\/13\/arranca-la-rehabilitacion-de-lhort-de-colon-con-un-plazo-de-ejecucion-de-4-meses-y-una-inversion-de-295-000-euros\/"},"modified":"2024-03-13T16:23:46","modified_gmt":"2024-03-13T15:23:46","slug":"arranca-la-rehabilitacion-de-lhort-de-colon-con-un-plazo-de-ejecucion-de-4-meses-y-una-inversion-de-295-000-euros","status":"publish","type":"post","link":"https:\/\/serbenidorm.daliisolutions.com\/index.php\/2024\/03\/13\/arranca-la-rehabilitacion-de-lhort-de-colon-con-un-plazo-de-ejecucion-de-4-meses-y-una-inversion-de-295-000-euros\/","title":{"rendered":"Arranca la rehabilitaci\u00f3n de L&#8217;Hort de Col\u00f3n con un plazo de ejecuci\u00f3n de 4 meses y una inversi\u00f3n de 295.000 euros"},"content":{"rendered":"  <p>Benidorm<\/p>   <p>Esta semana han comenzado las obras de rehabilitaci\u00f3n del Museo Hort de Col\u00f3n de Benidorm, cuya primera planta lleva meses cerrada despu\u00e9s de que los <a href=\"https:\/\/cadenaser.com\/audio\/1708526170212\/\" target=\"_blank\" rel=\"noopener\">t\u00e9cnicos municipales <\/a>detectaran da\u00f1os en la estructura. Los trabajos tienen un plazo de ejecuci\u00f3n de 4 meses por lo que el Ayuntamiento ya ha previsto que el inmueble pueda albergar programaci\u00f3n cultural este verano.<\/p>   <p>El proyecto contempla retirar el actual suelo centenario de la primera planta, apuntalar la estructura, sustituyendo unas viguetas de madera de una dimensi\u00f3n menor por otras de mayor dimensi\u00f3n, y volver a colocar el pavimento original. Tambi\u00e9n se actuar\u00e1 en la fachada, se reformar\u00e1 los ba\u00f1os para hacerlos completamente accesibles, se modernizar\u00e1 el sistema el\u00e9ctrico y se eliminar\u00e1 las humedades de la casa.<\/p>   <p>Para acometer la rehabilitaci\u00f3n de esta casa museo se necesitar\u00e1 una inversi\u00f3n de <a href=\"https:\/\/cadenaser.com\/comunitat-valenciana\/2022\/07\/21\/benidorm-solicita-una-subvencion-a-diputacion-para-actuar-en-lhort-de-colon-radio-benidorm\/\" target=\"_blank\" rel=\"noopener\">295.000 euros que aportar\u00e1n al 70% la Diputaci\u00f3n Provincial de Alicante (206.000 euros) y los 90.000 euros restantes saldr\u00e1n de fondos propios municipales.<\/a><\/p>   <p>En<a href=\"\/\/radiobenidorm.es\" rel=\"nofollow noopener\" target=\"_blank\"> Hoy por Hoy Benidorm<\/a> la<a href=\"https:\/\/cadenaser.com\/audio\/1676016903172\/\" target=\"_blank\" rel=\"noopener\"> edil de Patrimonio Hist\u00f3rico, Ana Pellicer, <\/a>y el t\u00e9cnico municipal responsable del \u00e1rea, Fernando Mah\u00edquez, han destacado el car\u00e1cter \u00abemblem\u00e1tico\u00bb del edificio y han relatado la historia de la propiedad desde que se construy\u00f3 hasta que la familia propietaria la don\u00f3 al Ayuntamiento. \u00abLa casa museo de l\u2019Hort de Col\u00f3n es una antigua vivienda de los descendientes de Vicente Zaragoza Ortu\u00f1o, armador de la localidad, que la edific\u00f3 a espaldas de la casa principal de la familia en el hoy Paseo de la Carretera, adquirida en 1885. Se trata de una vivienda de principios del siglo XX de dos plantas de altura, soportal y un huerto, hoy convertido en jard\u00edn. Perteneci\u00f3 a la familia Zaragoza Ortu\u00f1o y m\u00e1s recientemente a los hermanos Llorca Zaragoza que la donaron al Ayuntamiento en el a\u00f1o 1988, \u00abrelata Mah\u00edquez.<\/p>   <p>Desde su conversi\u00f3n en Museo,<a href=\"https:\/\/cadenaser.com\/comunitat-valenciana\/2022\/12\/30\/ningun-nino-sin-juguete-radio-benidorm-cierra-el-ano-en-lhort-de-colon-radio-benidorm\/\" target=\"_blank\" rel=\"noopener\"> L&#8217;Hort de Col\u00f3n ha acogido conciertos musicales, visitas teatralizadas, microteatros y hasta ha sido sede de la Casa de Pap\u00e1 Noel en Navidad<\/a>. \u00abYa estamos dise\u00f1ando el contenido que tendr\u00e1 la programaci\u00f3n de l\u2019Hort de Col\u00f3n una vez terminadas las obras para poder contar con <a href=\"https:\/\/cadenaser.com\/comunitat-valenciana\/2023\/04\/27\/benidorm-presenta-su-candidatura-a-capital-cultural-valenciana-2024-radio-benidorm\/\" target=\"_blank\" rel=\"noopener\">una mayor oferta cultural en Benidorm<\/a>\u201d, indica Pellicer quien tambi\u00e9n ha recordado que la finalidad de los trabajos es \u201cpoder contar con una infraestructura remodelada, modernizada y en perfectas condiciones para el disfrute de los vecinos y turistas de Benidorm\u00bb.<\/p>   <p>&#8212;<\/p> ","protected":false},"excerpt":{"rendered":"<p>Ana Pellicer y Fernando Mah\u00edquez explican en Hoy por Hoy la historia de la casa y los pormenores de estas obras que mejorar\u00e1n la estructura, la fachada y el sistema el\u00e9ctrico. <\/p>\n","protected":false},"author":0,"featured_media":3182,"comment_status":"open","ping_status":"open","sticky":false,"template":"","format":"standard","meta":{"_acf_changed":false,"footnotes":""},"categories":[1],"tags":[],"class_list":["post-3181","post","type-post","status-publish","format-standard","has-post-thumbnail","hentry","category-sin-categoria"],"acf":{"ser_id":"YPWIKKYG3JA3JOLDZOP6YWVS4I","ser_url":"https:\/\/cadenaser.com\/comunitat-valenciana\/2024\/03\/13\/arranca-la-rehabilitacion-de-lhort-de-colon-con-un-plazo-de-ejecucion-de-4-meses-y-una-inversion-de-295000-euros-radio-benidorm\/"},"_links":{"self":[{"href":"https:\/\/serbenidorm.daliisolutions.com\/index.php\/wp-json\/wp\/v2\/posts\/3181","targetHints":{"allow":["GET"]}}],"collection":[{"href":"https:\/\/serbenidorm.daliisolutions.com\/index.php\/wp-json\/wp\/v2\/posts"}],"about":[{"href":"https:\/\/serbenidorm.daliisolutions.com\/index.php\/wp-json\/wp\/v2\/types\/post"}],"replies":[{"embeddable":true,"href":"https:\/\/serbenidorm.daliisolutions.com\/index.php\/wp-json\/wp\/v2\/comments?post=3181"}],"version-history":[{"count":0,"href":"https:\/\/serbenidorm.daliisolutions.com\/index.php\/wp-json\/wp\/v2\/posts\/3181\/revisions"}],"wp:featuredmedia":[{"embeddable":true,"href":"https:\/\/serbenidorm.daliisolutions.com\/index.php\/wp-json\/wp\/v2\/media\/3182"}],"wp:attachment":[{"href":"https:\/\/serbenidorm.daliisolutions.com\/index.php\/wp-json\/wp\/v2\/media?parent=3181"}],"wp:term":[{"taxonomy":"category","embeddable":true,"href":"https:\/\/serbenidorm.daliisolutions.com\/index.php\/wp-json\/wp\/v2\/categories?post=3181"},{"taxonomy":"post_tag","embeddable":true,"href":"https:\/\/serbenidorm.daliisolutions.com\/index.php\/wp-json\/wp\/v2\/tags?post=3181"}],"curies":[{"name":"wp","href":"https:\/\/api.w.org\/{rel}","templated":true}]}}