{"id":3191,"date":"2024-03-13T17:41:25","date_gmt":"2024-03-13T16:41:25","guid":{"rendered":"https:\/\/serbenidorm.daliisolutions.com\/index.php\/2024\/03\/13\/cinco-anos-de-prision-por-intentar-matar-a-su-pareja-a-punaladas-en-el-hotel-de-benidorm-en-el-que-ella-trabajaba\/"},"modified":"2024-03-13T17:41:25","modified_gmt":"2024-03-13T16:41:25","slug":"cinco-anos-de-prision-por-intentar-matar-a-su-pareja-a-punaladas-en-el-hotel-de-benidorm-en-el-que-ella-trabajaba","status":"publish","type":"post","link":"https:\/\/serbenidorm.daliisolutions.com\/index.php\/2024\/03\/13\/cinco-anos-de-prision-por-intentar-matar-a-su-pareja-a-punaladas-en-el-hotel-de-benidorm-en-el-que-ella-trabajaba\/","title":{"rendered":"Cinco a\u00f1os de prisi\u00f3n por intentar matar a su pareja a pu\u00f1aladas en el hotel de Benidorm en el que ella trabajaba"},"content":{"rendered":"  <p>Benidorm<\/p>   <p>Un hombre de 53 a\u00f1os ha sido condenado a cinco a\u00f1os menos un d\u00eda de prisi\u00f3n por apu\u00f1alar a quien fuera su pareja sentimental en el aparcamiento de un hotel de Benidorm en el que ella trabajaba.<\/p>   <p>La sentencia, dictada por un tribunal de la Secci\u00f3n Primera de la Audiencia de Alicante, considera al procesado autor de un delito de homicidio en grado de tentativa, al sostener que actu\u00f3 \u201ccon la intenci\u00f3n de matar\u201d a su excompa\u00f1era sentimental, con la quien comparte un hijo menor de edad, de 12 a\u00f1os.<\/p>   <p>Este episodio de violencia machista ocurri\u00f3 el 27 de abril de 2023, cuando<a href=\"https:\/\/cadenaser.com\/tag\/benidorm\/a\/\" target=\"_blank\" rel=\"noopener\"> el acusado se desplaz\u00f3 hasta el aparcamiento del establecimiento hotelero y esper\u00f3 a que llegase la mujer en el inicio de su jornada laboral<\/a>. En cuanto aparc\u00f3 su motocicleta, el procesado se abalanz\u00f3 sobre ella, profiriendo expresiones como \u201cte voy a matar\u201d, y le asest\u00f3 varias pu\u00f1aladas con una navaja de reducido tama\u00f1o en la regi\u00f3n facial y en el pecho izquierdo.<\/p>  <p><p>M\u00e1s informaci\u00f3n<\/p><figure><img decoding=\"async\" src=\"https:\/\/cadenaser.com\/resizer\/XS-Q10uP22Uy6lTSAEKQVgF8NRI=\/650x366\/filters:quality(70)\/cloudfront-eu-central-1.images.arcpublishing.com\/prisaradio\/OVQUWBYPQFFOXMDWWYCMMRHUTQ.jpeg\" loading=\"lazy\" width=\"828\" height=\"621\" \/><\/figure><ul><li><a href=\"https:\/\/cadenaser.com\/comunitat-valenciana\/2024\/03\/11\/nueve-anos-en-total-para-cinco-jovenes-franceses-que-abusaron-sexualmente-de-dos-chicas-en-su-piso-de-vacaciones-en-benidorm-radio-alicante\/\">Nueve a\u00f1os en total para cinco j\u00f3venes franceses que abusaron sexualmente de dos chicas en su piso de vacaciones en Benidorm<\/a><\/li><\/ul><\/p>   <p>Ella trat\u00f3 de defenderse con el casco que portaba en la mano, hasta que un grupo de trabajadores del hotel se percat\u00f3 del suceso, acudi\u00f3 en su auxilio y separ\u00f3 al procesado, que fue detenido por la Polic\u00eda e ingres\u00f3 en prisi\u00f3n provisional el mismo d\u00eda de los hechos.<\/p>   <p>La resoluci\u00f3n judicial se\u00f1ala que las pu\u00f1aladas ocasionaron heridas de diversa consideraci\u00f3n a la v\u00edctima, como una incisi\u00f3n de cuatro cent\u00edmetros en la regi\u00f3n facial, adem\u00e1s de otra de un cent\u00edmetro a la altura del coraz\u00f3n.<\/p>   <p>El tribunal afirma que, de haber atravesado la cavidad tor\u00e1cica, esa pu\u00f1alada habr\u00eda podido afectar al coraz\u00f3n y causar la muerte de la mujer, seg\u00fan se apuntaba en los informes periciales.<\/p>   <p>Durante su declaraci\u00f3n en el juicio, celebrado el pasado d\u00eda 7, el encausado admiti\u00f3 los hechos, a preguntas del presidente del tribunal, aunque acto seguido manifest\u00f3 que \u201cno recordaba nada\u201d porque tomaba muchas pastillas.<\/p>   <p>Los compa\u00f1eros corroboran la versi\u00f3n de la v\u00edctima<\/p>   <p>La v\u00edctima, por su parte, relat\u00f3 el intento de homicidio, una versi\u00f3n corroborada por el testimonio de tres trabajadores del hotel que acudieron en su auxilio.<\/p>   <p>Al acordar la imposici\u00f3n de la condena, el tribunal aplica las agravante de parentesco y de g\u00e9nero, as\u00ed como la eximente incompleta de alteraci\u00f3n ps\u00edquica al creer demostrado que el acusado sufre una enfermedad cerebrovascular que genera un deterioro susceptible de alterar la memoria, el pensamiento, la orientaci\u00f3n, el c\u00e1lculo, el aprendizaje y el juicio, \u201csi bien la conciencia permanece clara\u201d.<\/p>   <p>En esa l\u00ednea, la Sala concluye que el procesado \u201cno conservaba \u00edntegras sus funciones intelectivas y de capacidad de decisi\u00f3n\u201d, de modo que quedaban alteradas las bases de su imputabilidad de forma parcial.<\/p>   <p>Al margen de la pena de ingreso en prisi\u00f3n, el fallo establece la medida de alejamiento respecto de la v\u00edctima a una distancia superior a 500 metros durante nueve a\u00f1os, adem\u00e1s de otros diez a\u00f1os de libertad vigilada. Igualmente, la condena incluye la retirada de la patria potestad respecto al hijo en com\u00fan.<\/p>   <p>La sentencia es recurrible en apelaci\u00f3n ante el Tribunal Superior de Justicia de la Comunitat Valenciana (TSJCV) en el plazo de diez d\u00edas desde su notificaci\u00f3n.<\/p> ","protected":false},"excerpt":{"rendered":"<p>Los hechos ocurrieron en abril de 2023<\/p>\n","protected":false},"author":0,"featured_media":3192,"comment_status":"open","ping_status":"open","sticky":false,"template":"","format":"standard","meta":{"_acf_changed":false,"footnotes":""},"categories":[1],"tags":[],"class_list":["post-3191","post","type-post","status-publish","format-standard","has-post-thumbnail","hentry","category-sin-categoria"],"acf":{"ser_id":"RFVXDB3H6JCP3BGNZHMWCBIQ5M","ser_url":"https:\/\/cadenaser.com\/comunitat-valenciana\/2024\/03\/13\/cinco-anos-de-prision-por-intentar-matar-a-su-pareja-a-punaladas-en-el-hotel-de-benidorm-en-el-que-ella-trabajaba-radio-benidorm\/"},"_links":{"self":[{"href":"https:\/\/serbenidorm.daliisolutions.com\/index.php\/wp-json\/wp\/v2\/posts\/3191","targetHints":{"allow":["GET"]}}],"collection":[{"href":"https:\/\/serbenidorm.daliisolutions.com\/index.php\/wp-json\/wp\/v2\/posts"}],"about":[{"href":"https:\/\/serbenidorm.daliisolutions.com\/index.php\/wp-json\/wp\/v2\/types\/post"}],"replies":[{"embeddable":true,"href":"https:\/\/serbenidorm.daliisolutions.com\/index.php\/wp-json\/wp\/v2\/comments?post=3191"}],"version-history":[{"count":0,"href":"https:\/\/serbenidorm.daliisolutions.com\/index.php\/wp-json\/wp\/v2\/posts\/3191\/revisions"}],"wp:featuredmedia":[{"embeddable":true,"href":"https:\/\/serbenidorm.daliisolutions.com\/index.php\/wp-json\/wp\/v2\/media\/3192"}],"wp:attachment":[{"href":"https:\/\/serbenidorm.daliisolutions.com\/index.php\/wp-json\/wp\/v2\/media?parent=3191"}],"wp:term":[{"taxonomy":"category","embeddable":true,"href":"https:\/\/serbenidorm.daliisolutions.com\/index.php\/wp-json\/wp\/v2\/categories?post=3191"},{"taxonomy":"post_tag","embeddable":true,"href":"https:\/\/serbenidorm.daliisolutions.com\/index.php\/wp-json\/wp\/v2\/tags?post=3191"}],"curies":[{"name":"wp","href":"https:\/\/api.w.org\/{rel}","templated":true}]}}