{"id":3205,"date":"2024-03-14T11:49:28","date_gmt":"2024-03-14T10:49:28","guid":{"rendered":"https:\/\/serbenidorm.daliisolutions.com\/index.php\/2024\/03\/14\/asi-son-los-tres-senderos-azules-que-tiene-la-marina-baixa-este-2024\/"},"modified":"2024-03-14T11:49:28","modified_gmt":"2024-03-14T10:49:28","slug":"asi-son-los-tres-senderos-azules-que-tiene-la-marina-baixa-este-2024","status":"publish","type":"post","link":"https:\/\/serbenidorm.daliisolutions.com\/index.php\/2024\/03\/14\/asi-son-los-tres-senderos-azules-que-tiene-la-marina-baixa-este-2024\/","title":{"rendered":"As\u00ed son los tres Senderos Azules que tiene la Marina Baixa este 2024"},"content":{"rendered":"  <p>Benidorm<\/p>   <p><a href=\"https:\/\/cadenaser.com\/tag\/comarca_la_marina_baixa\/a\/\" target=\"_blank\" rel=\"noopener\">La senda de la Colada de la Costa en La Vila Joiosa, el camino del Faro del Albir y la Bah\u00eda de Altea<\/a> han sido reconocidos este 2024 como Sendero Azul, una distinci\u00f3n que otorga anualmente la Asociaci\u00f3n de Educaci\u00f3n Ambiental y del Consumidor, Adeac, a los caminos e itinerarios que han sido transformados en valiosos recursos para la interpretaci\u00f3n y la educaci\u00f3n ambiental.<\/p>   <p>En la ceremonia de entrega, que ten\u00eda lugar este mi\u00e9rcoles en Las Rozas (Madrid), un total de 128 rutas de todo el pa\u00eds han sido galardonadas como Senderos Azules. 22 de ellas est\u00e1n en la Comunitat Valenciana y en esa n\u00f3mina se estrena La Vila; en el caso de Altea se trata del segundo a\u00f1o con este reconocimiento que l&#8217;Alf\u00e0s del Pi consigui\u00f3 ya en 2013.<\/p>   <p>Senda Colada de la Costa (La Vila Joiosa)<\/p>   <p><li>Longitud: 3.776 m.<\/li><li>Duraci\u00f3n: 2h<\/li><li>Dificultad: media<\/li><\/p>  <p><figure><img decoding=\"async\" src=\"https:\/\/cadenaser.com\/resizer\/CdGrbJaW_eyytLQdYa4huJmoMmg=\/650x488\/filters:quality(70)\/cloudfront-eu-central-1.images.arcpublishing.com\/prisaradio\/2P3KSADY3JEKBMFNCK6M3VAG2I.jpg\" loading=\"lazy\" width=\"650\" height=\"488\" \/><\/figure><button>Ampliar<\/button><\/p>   <p>La Colada de Costa es el itinerario natural que <a href=\"https:\/\/cadenaser.com\/tag\/vila_joiosa\/a\/\" target=\"_blank\" rel=\"noopener\">une la playa de El Torres y La Cala, un recorrido de 8 kil\u00f3metros<\/a> que corresponde a una antigua v\u00eda pecuaria pr\u00f3xima al mar, que se inicia junto a la torre vig\u00eda de l\u2019Aguil\u00f3, pasa por la cala Rac\u00f3 de Conill y termina en la torre funeraria de Sant Josep.<\/p>   <p>Cami Vell del Far (L&#8217;Alf\u00e1s del P\u00ed)<\/p>   <p><li>Longitud: 3.420 m.<\/li><li>Duraci\u00f3n: 1h<\/li><li>Dificultad: f\u00e1cil<\/li><\/p>  <p><figure><img decoding=\"async\" src=\"https:\/\/cadenaser.com\/resizer\/DxK0OXz5m50QsZkGnDt-bRgZ8og=\/650x488\/filters:quality(70)\/cloudfront-eu-central-1.images.arcpublishing.com\/prisaradio\/JBVUGVYRPRE5TFWX2KAGEVXB5A.jpg\" loading=\"lazy\" width=\"650\" height=\"488\" \/><\/figure><button>Ampliar<\/button><\/p>   <p>El Sendero Azul comienza en el Punto de Informaci\u00f3n de la Playa de L\u00b4Albir. El Sendero sube por la calle \u201cCam\u00ed Vell del Far\u201d, que como su nombre indica <a href=\"https:\/\/cadenaser.com\/tag\/lalfas_del_pi\/a\/\" target=\"_blank\" rel=\"noopener\">finaliza en el parque natural de la Serra Gelada<\/a>, en un antiguo Faro en funcionamiento, actualmente convertido como Centro de Interpretaci\u00f3n.<\/p>   <p>En sus escasos 2,5 km de recorrido podr\u00e1s encontrar aves, plantas y \u00e1rboles adaptados a un entorno muy particular. Adem\u00e1s, ver\u00e1s las huellas de c\u00f3mo, durante siglos, mujeres y hombres han aprovechado los recursos naturales de la sierra para obtener alimentos, minerales, esparto o remedios medicinales. Sus valores son tan relevantes que desde el a\u00f1o 2005 la monta\u00f1a y su entorno marino se protegi\u00f3 mediante la creaci\u00f3n del Parque Natural de la Serra Gelada.<\/p>   <p>Sendero Azul de la Bah\u00eda de Altea<\/p>   <p><li>Longitud: 7.750 m.<\/li><li>Duraci\u00f3n: 2h<\/li><li>Dificultad: f\u00e1cil<\/li><\/p>  <p><figure><img decoding=\"async\" src=\"https:\/\/cadenaser.com\/resizer\/9knRK3hGPOFDLnzfAAkCfdMduGE=\/650x488\/filters:quality(70)\/cloudfront-eu-central-1.images.arcpublishing.com\/prisaradio\/ADZTW37NS5D7BELVO3EG67R2RY.jpg\" loading=\"lazy\" width=\"650\" height=\"488\" \/><\/figure><button>Ampliar<\/button><\/p>   <p>El sendero propuesto discurre en su inicio por un entorno de car\u00e1cter rural en el que se conservan los cultivos y la arquitectura tradicional alteana y, <a href=\"https:\/\/cadenaser.com\/tag\/altea\/a\/\" target=\"_blank\" rel=\"noopener\">tras recorrer las playas de l&#8217;Olla y del Mascarat<\/a>, finaliza frente al imponente macizo del Morro Toix en el l\u00edmite con Calp, donde se puede disfrutar de un sendero geol\u00f3gico.<\/p>   <p>El sendero comienza en la Platja de l\u2019Espig\u00f3 y se adentra en la ribera de la margen derecha del r\u00edo Algar, donde existe una vegetaci\u00f3n de ribera seminatural compuesta por \u00e1rboles como \u00e1lamos, almeces, olmos y sargas negras, junto a arbustos de menor porte como adelfas, juncos y una gran variedad de especies anuales de bajo porte.<\/p> ","protected":false},"excerpt":{"rendered":"<p>Esta distinci\u00f3n es otorgada por Adeac a entornos costeros junto a playas con bandera azul <\/p>\n","protected":false},"author":0,"featured_media":3206,"comment_status":"open","ping_status":"open","sticky":false,"template":"","format":"standard","meta":{"_acf_changed":false,"footnotes":""},"categories":[1],"tags":[],"class_list":["post-3205","post","type-post","status-publish","format-standard","has-post-thumbnail","hentry","category-sin-categoria"],"acf":{"ser_id":"KVXFHNWS55E2FDB7MGUJSKIY34","ser_url":"https:\/\/cadenaser.com\/comunitat-valenciana\/2024\/03\/14\/asi-son-los-tres-senderos-azules-que-tiene-la-marina-baixa-este-2024-radio-benidorm\/"},"_links":{"self":[{"href":"https:\/\/serbenidorm.daliisolutions.com\/index.php\/wp-json\/wp\/v2\/posts\/3205","targetHints":{"allow":["GET"]}}],"collection":[{"href":"https:\/\/serbenidorm.daliisolutions.com\/index.php\/wp-json\/wp\/v2\/posts"}],"about":[{"href":"https:\/\/serbenidorm.daliisolutions.com\/index.php\/wp-json\/wp\/v2\/types\/post"}],"replies":[{"embeddable":true,"href":"https:\/\/serbenidorm.daliisolutions.com\/index.php\/wp-json\/wp\/v2\/comments?post=3205"}],"version-history":[{"count":0,"href":"https:\/\/serbenidorm.daliisolutions.com\/index.php\/wp-json\/wp\/v2\/posts\/3205\/revisions"}],"wp:featuredmedia":[{"embeddable":true,"href":"https:\/\/serbenidorm.daliisolutions.com\/index.php\/wp-json\/wp\/v2\/media\/3206"}],"wp:attachment":[{"href":"https:\/\/serbenidorm.daliisolutions.com\/index.php\/wp-json\/wp\/v2\/media?parent=3205"}],"wp:term":[{"taxonomy":"category","embeddable":true,"href":"https:\/\/serbenidorm.daliisolutions.com\/index.php\/wp-json\/wp\/v2\/categories?post=3205"},{"taxonomy":"post_tag","embeddable":true,"href":"https:\/\/serbenidorm.daliisolutions.com\/index.php\/wp-json\/wp\/v2\/tags?post=3205"}],"curies":[{"name":"wp","href":"https:\/\/api.w.org\/{rel}","templated":true}]}}