{"id":3221,"date":"2024-03-14T16:40:21","date_gmt":"2024-03-14T15:40:21","guid":{"rendered":"https:\/\/serbenidorm.daliisolutions.com\/index.php\/2024\/03\/14\/benidorm-consigue-una-moratoria-para-retrasar-la-zona-de-bajas-emisiones-a-final-de-ano\/"},"modified":"2024-03-14T16:40:21","modified_gmt":"2024-03-14T15:40:21","slug":"benidorm-consigue-una-moratoria-para-retrasar-la-zona-de-bajas-emisiones-a-final-de-ano","status":"publish","type":"post","link":"https:\/\/serbenidorm.daliisolutions.com\/index.php\/2024\/03\/14\/benidorm-consigue-una-moratoria-para-retrasar-la-zona-de-bajas-emisiones-a-final-de-ano\/","title":{"rendered":"Benidorm consigue una moratoria para retrasar la Zona de Bajas Emisiones a final de a\u00f1o"},"content":{"rendered":"  <p>Benidorm<\/p>   <p>El Ayuntamiento de Benidorm ha recibido el visto bueno del Ministerio de Transportes y Movilidad Sostenible para retrasar la entrada en vigor de la Zona de Bajas Emisiones (ZBE). La moratoria, cuya concesi\u00f3n hab\u00eda sido ya comunicada al consistorio de la capital tur\u00edstica de manera informal, ha sido notificada por v\u00eda oficial y permite aplazar hasta 31 de diciembre de 2024 la aplicaci\u00f3n de estas restricciones de movilidad.<\/p>   <p>La implantaci\u00f3n de la ZBE, obligatoria para municipios con una poblaci\u00f3n superior a los 50.000 habitantes como es el caso de Benidorm, deber\u00eda haberse producido el 1 de enero de 2024. Sin embargo, municipios como Benidorm solicitaron una moratoria para posponer su entrada en vigor hasta poder <a href=\"https:\/\/cadenaser.com\/comunitat-valenciana\/2023\/09\/22\/el-alcalde-de-benidorm-emplaza-la-entrada-en-vigor-de-la-zona-de-bajas-emisiones-a-la-elaboracion-de-una-normativa-comun-radio-benidorm\/\" target=\"_blank\" rel=\"noopener\">\u201ctener una normativa clara\u201d tal y como se\u00f1al\u00f3 en su momento su alcalde<\/a>.<\/p>   <p>En declaraciones a<a href=\"https:\/\/cadenaser.com\/tag\/benidorm\/a\/\" target=\"_blank\" rel=\"noopener\"> Radio Benidorm<\/a>, el edil de Movilidad Francis Mu\u00f1oz ha confirmado ahora la concesi\u00f3n de la moratoria se\u00f1alando a su vez que gobierno local \u201cva cumpliendo los plazos de la implantaci\u00f3n de la Zona de Bajas Emisiones en Benidorm\u201d.<\/p>   <p>\u00bfC\u00f3mo afectar\u00e1 al tr\u00e1fico?<\/p>   <p>Una vez se implante esta zona de movilidad restringida afectar\u00e1 a 74 hect\u00e1reas del termino municipal que se reparten, mayoritariamente, entre Levante y el centro urbano sumando la primera l\u00ednea de Poniente.<\/p>  <p><figure><img decoding=\"async\" src=\"https:\/\/cadenaser.com\/resizer\/xojP4F4dlYNAViflsGUMzvv7KIs=\/650x302\/filters:quality(70)\/cloudfront-eu-central-1.images.arcpublishing.com\/prisaradio\/6R5O3TDH7REXFJVXEUFVTRJBFE.jpeg\" loading=\"lazy\" width=\"650\" height=\"302\" \/><\/figure><button>Ampliar<\/button><\/p>   <p>Seg\u00fan explican desde el Consistorio, podr\u00e1n circular por la ZBE residentes, transporte urbano y veh\u00edculos con una autorizaci\u00f3n puntual que se podr\u00e1 conseguir a trav\u00e9s de una aplicaci\u00f3n m\u00f3vil del consistorio que se est\u00e1 desarrollando en estos momentos de forma paralela a la lectura de matr\u00edculas.<\/p>   <p>En cualquier caso el alcalde, Toni P\u00e9rez, ya avis\u00f3 en su momento que la  implantaci\u00f3n de esta zona \u201cno va a suponer grandes cambios en la ciudad\u201d puesto que con la pol\u00edtica de peatonalizaci\u00f3n y calles de preferencia peatonal desarrollada por su gobierno en los \u00faltimos a\u00f1os: \u201cNos hemos ido acostumbrando a esas restricciones\u201d. P\u00e9rez asegura que la ciudad ha anticipado la mayor\u00eda de las medidas que recoge la ZBE y que lo que resta por incorporar es \u201cel apoyo tecnol\u00f3gico para la organizaci\u00f3n\u00bb.<\/p> ","protected":false},"excerpt":{"rendered":"<p>Hasta el 31 de diciembre<\/p>\n","protected":false},"author":0,"featured_media":3222,"comment_status":"open","ping_status":"open","sticky":false,"template":"","format":"standard","meta":{"_acf_changed":false,"footnotes":""},"categories":[1],"tags":[],"class_list":["post-3221","post","type-post","status-publish","format-standard","has-post-thumbnail","hentry","category-sin-categoria"],"acf":{"ser_id":"MISYTR6V6FDO7AZV6FQXRA5CHE","ser_url":"https:\/\/cadenaser.com\/comunitat-valenciana\/2024\/03\/14\/benidorm-consigue-una-moratoria-para-retrasar-la-zona-de-bajas-emisiones-a-final-de-ano-radio-benidorm\/"},"_links":{"self":[{"href":"https:\/\/serbenidorm.daliisolutions.com\/index.php\/wp-json\/wp\/v2\/posts\/3221","targetHints":{"allow":["GET"]}}],"collection":[{"href":"https:\/\/serbenidorm.daliisolutions.com\/index.php\/wp-json\/wp\/v2\/posts"}],"about":[{"href":"https:\/\/serbenidorm.daliisolutions.com\/index.php\/wp-json\/wp\/v2\/types\/post"}],"replies":[{"embeddable":true,"href":"https:\/\/serbenidorm.daliisolutions.com\/index.php\/wp-json\/wp\/v2\/comments?post=3221"}],"version-history":[{"count":0,"href":"https:\/\/serbenidorm.daliisolutions.com\/index.php\/wp-json\/wp\/v2\/posts\/3221\/revisions"}],"wp:featuredmedia":[{"embeddable":true,"href":"https:\/\/serbenidorm.daliisolutions.com\/index.php\/wp-json\/wp\/v2\/media\/3222"}],"wp:attachment":[{"href":"https:\/\/serbenidorm.daliisolutions.com\/index.php\/wp-json\/wp\/v2\/media?parent=3221"}],"wp:term":[{"taxonomy":"category","embeddable":true,"href":"https:\/\/serbenidorm.daliisolutions.com\/index.php\/wp-json\/wp\/v2\/categories?post=3221"},{"taxonomy":"post_tag","embeddable":true,"href":"https:\/\/serbenidorm.daliisolutions.com\/index.php\/wp-json\/wp\/v2\/tags?post=3221"}],"curies":[{"name":"wp","href":"https:\/\/api.w.org\/{rel}","templated":true}]}}