{"id":3242,"date":"2024-03-15T13:11:59","date_gmt":"2024-03-15T12:11:59","guid":{"rendered":"https:\/\/serbenidorm.daliisolutions.com\/index.php\/2024\/03\/15\/cortes-y-desvios-de-trafico-por-las-fallas-de-benidorm\/"},"modified":"2024-03-15T13:11:59","modified_gmt":"2024-03-15T12:11:59","slug":"cortes-y-desvios-de-trafico-por-las-fallas-de-benidorm","status":"publish","type":"post","link":"https:\/\/serbenidorm.daliisolutions.com\/index.php\/2024\/03\/15\/cortes-y-desvios-de-trafico-por-las-fallas-de-benidorm\/","title":{"rendered":"Cortes y desv\u00edos de tr\u00e1fico por las Fallas de Benidorm"},"content":{"rendered":"  <p>Benidorm<\/p>   <p>En la zona centro, por la instalaci\u00f3n de la feria y monumento de la <a href=\"https:\/\/cadenaser.com\/tag\/benidorm\/a\/\" target=\"_blank\" rel=\"noopener\">Falla Els Tolls<\/a>, hasta el mi\u00e9rcoles d\u00eda 20 est\u00e1 cerrado al tr\u00e1fico en sentido de entrada el tramo de la calle Tom\u00e1s Ortu\u00f1o entre las calles Marte-Venus y Ondulada. Tanto la salida de veh\u00edculos desde la calle Ondulada como desde Maravall hacia El Cruce estar\u00e1n operativas.<\/p>   <p>Por otra parte, en el <a href=\"https:\/\/cadenaser.com\/tag\/benidorm\/a\/\" target=\"_blank\" rel=\"noopener\">Rinc\u00f3n de Loix<\/a>, tambi\u00e9n hasta el d\u00eda 20 se cerrar\u00e1 al tr\u00e1fico el tramo de Ametlla del Mar entre las avenidas Mediterr\u00e1neo y Madrid, punto donde se localizan el monumento fallero y la carpa de la falla.<\/p>   <p>Por lo que respecta a los actos, con motivo de la ofrenda del lunes 18 de marzo, entre las 17.00 y las 19.00 horas se cortar\u00e1 el tr\u00e1fico desde la parte baja de la avenida de Europa y el tramo de Mediterr\u00e1neo entre este punto y la Plaza de la Hispanidad.<\/p>   <p>M\u00e1s cambios el martes 19<\/p>   <p>Ya el martes 19 de marzo, d\u00eda central de los actos falleros, hay previsto el disparo de masclet\u00e1s en cada una de las fallas a las 14.00 horas. Por este motivo, en el Rinc\u00f3n de Loix permanecer\u00e1 cerrado al tr\u00e1fico entre las 06.00 y las 15.00 horas el tramo de la avenida Mediterr\u00e1neo entre Ametlla del Mar y Castell\u00f3n, sentido centro. Durante el disparo de la masclet\u00e0 tampoco se permitir\u00e1 el paso de veh\u00edculos en este tramo en sentido Rinc\u00f3n de Loix.<\/p>   <p>La Falla Centro lanzar\u00e1 su masclet\u00e1 en la calle Oto\u00f1o, por lo que entre las 06.00 y las 15.00 horas quedar\u00e1 sin circulaci\u00f3n el tramo entre Primavera y el parking de l\u2019Aig\u00fcera. Por \u00faltimo, la Falla Els Tolls realizar\u00e1 su masclet\u00e1 en la parte alta de Tom\u00e1s Ortu\u00f1o entre El Cruce y las calles Ondulada y Maravall, tramo que quedar\u00e1 cortado entre las 06.00 y las 15.00 horas.<\/p>   <p>Ya por la tarde, a las 18.30 horas tendr\u00e1 lugar el desfile de carrozas, que saldr\u00e1 las de la calle Marqu\u00e9s de Comillas y que recorrer\u00e1 las calles Almendros, Marte, Venus, Ruzafa y Mart\u00ednez Alejos hasta alcanzar la avenida de Alcoy.<\/p>   <p>Asimismo, a partir de las 22.00 horas, y debido a la \u2018crem\u00e0\u2019 de los monumentos de la Falla Benidorm Distrito Centro, no estar\u00e1 permitido el paso de veh\u00edculos por la plaza del Doctor Fleming.<\/p> ","protected":false},"excerpt":{"rendered":"<p> En las zonas cercanas a los puntos en los que se plantan los monumentos de las tres entidades festeras<\/p>\n","protected":false},"author":0,"featured_media":3243,"comment_status":"open","ping_status":"open","sticky":false,"template":"","format":"standard","meta":{"_acf_changed":false,"footnotes":""},"categories":[1],"tags":[],"class_list":["post-3242","post","type-post","status-publish","format-standard","has-post-thumbnail","hentry","category-sin-categoria"],"acf":{"ser_id":"RWT2LCXTDFADFLP6THG37SS4BI","ser_url":"https:\/\/cadenaser.com\/comunitat-valenciana\/2024\/03\/15\/cortes-y-desvios-de-trafico-por-las-fallas-de-benidorm-radio-benidorm\/"},"_links":{"self":[{"href":"https:\/\/serbenidorm.daliisolutions.com\/index.php\/wp-json\/wp\/v2\/posts\/3242","targetHints":{"allow":["GET"]}}],"collection":[{"href":"https:\/\/serbenidorm.daliisolutions.com\/index.php\/wp-json\/wp\/v2\/posts"}],"about":[{"href":"https:\/\/serbenidorm.daliisolutions.com\/index.php\/wp-json\/wp\/v2\/types\/post"}],"replies":[{"embeddable":true,"href":"https:\/\/serbenidorm.daliisolutions.com\/index.php\/wp-json\/wp\/v2\/comments?post=3242"}],"version-history":[{"count":0,"href":"https:\/\/serbenidorm.daliisolutions.com\/index.php\/wp-json\/wp\/v2\/posts\/3242\/revisions"}],"wp:featuredmedia":[{"embeddable":true,"href":"https:\/\/serbenidorm.daliisolutions.com\/index.php\/wp-json\/wp\/v2\/media\/3243"}],"wp:attachment":[{"href":"https:\/\/serbenidorm.daliisolutions.com\/index.php\/wp-json\/wp\/v2\/media?parent=3242"}],"wp:term":[{"taxonomy":"category","embeddable":true,"href":"https:\/\/serbenidorm.daliisolutions.com\/index.php\/wp-json\/wp\/v2\/categories?post=3242"},{"taxonomy":"post_tag","embeddable":true,"href":"https:\/\/serbenidorm.daliisolutions.com\/index.php\/wp-json\/wp\/v2\/tags?post=3242"}],"curies":[{"name":"wp","href":"https:\/\/api.w.org\/{rel}","templated":true}]}}