{"id":3265,"date":"2024-03-15T20:22:10","date_gmt":"2024-03-15T19:22:10","guid":{"rendered":"https:\/\/serbenidorm.daliisolutions.com\/index.php\/2024\/03\/15\/fin-de-semana-festero-en-benidorm-fallas-y-conmemoracion-del-hallazgo-de-la-virgen\/"},"modified":"2024-03-15T20:22:10","modified_gmt":"2024-03-15T19:22:10","slug":"fin-de-semana-festero-en-benidorm-fallas-y-conmemoracion-del-hallazgo-de-la-virgen","status":"publish","type":"post","link":"https:\/\/serbenidorm.daliisolutions.com\/index.php\/2024\/03\/15\/fin-de-semana-festero-en-benidorm-fallas-y-conmemoracion-del-hallazgo-de-la-virgen\/","title":{"rendered":"Fin de semana festero en Benidorm: Fallas y conmemoraci\u00f3n del hallazgo de la Virgen"},"content":{"rendered":"  <p>Benidorm<\/p>   <p>Benidorm y la Marina Baixa llegan al ecuador de marzo con una agenda repleta de propuestas para el fin de semana. A pocos d\u00edas del inicio oficial de la primavera, <a href=\"https:\/\/cadenaser.com\/tag\/benidorm\/a\/\" target=\"_blank\" rel=\"noopener\">las calles de la capital tur\u00edstica se llenan de luz, color, flores o fuego<\/a> para dos eventos tan destacados como las Fallas y el 284 Aniversario del encuentro de la Mare de D\u00e9u del Sofratge.<\/p>   <p>La segunda conmemoraci\u00f3n empezar\u00e1 el s\u00e1bado bien temprano con l&#8217;Alba. A las 5:10 h. ser\u00e1 la concentraci\u00f3n en la Pla\u00e7a de Sant Jaume para esperar la &#8216;arribada&#8217; de la Verge del Sofratge. Una hora despu\u00e9s la procesi\u00f3n recorrer\u00e1 las calles del barrio antiguo de la ciudad y se visitar\u00e1n las tres playas: Poniente, Mal Pas y Levante. Se terminar\u00e1 con los tradicionales versos a la Virgen recitados por Carmela Soria Mart\u00ednez.<\/p>  <p><p>M\u00e1s informaci\u00f3n<\/p><figure><img decoding=\"async\" src=\"https:\/\/cadenaser.com\/resizer\/YTFiBGSmJHXqJMjT2j4x2kbSYLE=\/650x366\/filters:quality(70)\/cloudfront-eu-central-1.images.arcpublishing.com\/prisaradio\/OONYGSGZJNEXTBFRVFBT6G75A4.jpg\" loading=\"lazy\" width=\"828\" height=\"621\" \/><\/figure><ul><li><a href=\"https:\/\/cadenaser.com\/comunitat-valenciana\/2024\/03\/13\/funambulista-soy-un-buscador-de-canciones-radio-benidorm\/\">Concierto de Funambulista este s\u00e1bado en l&#8217;Auditori de La Nuc\u00eda<\/a><\/li><\/ul><\/p>   <p>Otro acto principal tendr\u00e1 lugar por la tarde con la tradicional ofrenda flora. A las 16:45 h. ser\u00e1 la concentraci\u00f3n en la Casa del Fester para comenzar el pasacalle con las Reinas Mayor e Infantil de les Festes Majors Patronals y sus cortes.<\/p>   <p>Media hora despu\u00e9s se producir\u00e1 el encuentro con la imagen de la Mare de D\u00e9u del Sofratge en la sede de la ACR \u00abLa Barqueta\u00bb, que se incorporar\u00e1 al pasacalles para recorrer las calles Tom\u00e1s Ortu\u00f1o, Carrasco, Ruzafa y paseo de la Carretera hasta el Parque de Elche.<\/p>   <p>A las 18:00 h. comenzar\u00e1 la romer\u00eda encabezada por la imagen de la virgen que recorrer\u00e1 el Paseo de la Carretera, Alameda del Alcalde Pedro Zaragoza Orts, Calle Mayor y Plaza de Sant Jaume. Al terminar se disparar\u00e1 un castillo de fuegos en la Pla\u00e7a de la Senyor\u00eda.<\/p>  <p><figure><img decoding=\"async\" src=\"https:\/\/cadenaser.com\/resizer\/X1MYcaBtvqrUdkjHxOzoLBrD-RM=\/650x366\/filters:quality(70)\/cloudfront-eu-central-1.images.arcpublishing.com\/prisaradio\/O7ZE2YJDBBGQVG5AJGR5VKKR5M.jpg\" loading=\"lazy\" width=\"240\" height=\"135\" \/><\/figure><div><a href=\"https:\/\/cadenaser.com\/comunitat-valenciana\/2024\/03\/15\/cortes-y-desvios-de-trafico-por-las-fallas-de-benidorm-radio-benidorm\/\">Cortes y desv\u00edos de tr\u00e1fico por las Fallas de Benidorm<\/a><p><\/p><\/div><\/p>   <p>Programaci\u00f3n completa de Fallas<\/p>   <p>VIERNES 15 DE MARZO<\/p>   <p><li>Plant\u00e1 de los monumentos falleros. Falla Benidorm Centro: Plaza Dr. Fleming (cerca del Ayuntamiento). Falla Els Tolls: C\/ Tom\u00e1s Ortu\u00f1o. Falla Rinc\u00f3n de Loix: Av. Ametlla de Mar (frente Burguer King).<\/li><\/p>   <p>DOMINGO 17 DE MARZO<\/p>   <p><li>12:30 h. Pasacalle y visita a la falla Els Tolls, de la Falla \u201cRinc\u00f3n de L\u2019Oix\u201d y la Falla \u201cBenidorm Centro\u201d.<\/li><li>18:00 h. Pasacalle y visita a la falla \u201cRinc\u00f3n de L\u2019Oix\u201d de la Falla \u201cEls Tolls\u201d y la Falla \u201cBenidorm Centro\u201d.<\/li><li>23:00-23:30 h. Pasacalle nocturno de la Falla \u201cEls Tolls\u201d y la Falla \u201cBenidorm Centro\u201d, por sus respectivos barrios.<\/li><\/p>   <p>LUNES 18 DE MARZO<\/p>   <p><li>08:00 h. Despert\u00e1 a cargo de la Comisi\u00f3n de la Falla \u201cEls Tolls\u201d y Falla \u201cRinc\u00f3n de L\u2019Oix\u201d, por las calles de sus respectivos barrios.<\/li><li>12:00 h. Pasacalle de la Falla \u201cBenidorm Centro\u201d y la Falla \u201cRinc\u00f3n de L\u2019Oix\u201d, por sus respectivos barrios.<\/li><li>18:30 h. Ofrenda de flores a la Virgen del Sufragio y a San Jaime, organizada por la Junta Central Fallera, a cargo de las diferentes Fallas, que se concentrar\u00e1n en la confluencia de la Av. Mediterr\u00e1neo con Av. Europa. ITINERARIO: Av. Mediterr\u00e1neo, C\/ P\u00e9rez Llorca, Av Mart\u00ednez Alejos, C\/ Alameda y C\/ Mayor, para finalizar en la Plaza Castelar.<\/li><\/p>   <p>MARTES 19 DE MARZO<\/p>   <p><li>08:00-08:30 h. Despert\u00e1 de la Falla \u201cBenidorm Centro\u201d, Falla \u201cEls Tolls\u201d y Falla \u201cRinc\u00f3n de L\u2019Oix\u201d, por las calles de sus respectivos barrios.<\/li><li>11:30 h. Falla Els Tolls. Misa en honor a San Jos\u00e9 en la Iglesia del Buen Pastor.<\/li><li>12:00 h. Falla Rinc\u00f3n de Loix Misa en honor a San Jos\u00e9 en la Iglesia de Ntra. Sra. del Mar.<\/li><li>13:00 h. Falla \u201cBenidorm Centro\u201d. Misa solemne en honor a San Jos\u00e9 en la Iglesia de San Jaime y Santa Ana.<\/li><li>14:00 h. Masclet\u00e1 de la Falla \u201cBenidorm Centro\u201d (Plaza SS:MM Los Reyes de Espa\u00f1a), de la Falla \u201cEls Tolls\u201d C\/ Tom\u00e1s Ortu\u00f1o) y de la Falla \u201cRinc\u00f3n de Loix\u201d (Av. Mediterr\u00e1neo).<\/li><li>18:30 h. Desfile de carrozas con la participaci\u00f3n de las tres Fallas. ITINERARIO: C\/ Marqu\u00e9s de Comillas, Av. Almendros, C\/ Marte, C\/ Venus, C\/ Ruzafa y finalizan en Av. Alcoy.<\/li><li>22:30 h. Crem\u00e1 de la Falla Infantil \u201cRinc\u00f3n de L\u2019Oix\u201d.<\/li><li>23:00 h. Crem\u00e1 de las Falla Infantil \u201cBenidorm Centro\u201d y la Falla Infantil \u201cEls Tolls\u201d.<\/li><li>23:30 h. Crem\u00e1 de la Falla Mayor \u201cRinc\u00f3n de L\u2019Oix\u201d.<\/li><li>00:00 h. Crem\u00e1 de la Falla Mayor \u201cBenidorm Centro\u201d.<\/li><li>00:30 h. Crem\u00e1 de la Falla Mayor \u201cEls Tolls\u201d.<\/li><\/p> ","protected":false},"excerpt":{"rendered":"<p>El 284 Aniversario del encuentro de la Mare de D\u00e9u del Sofratge y la actividad de las fallas Centro, Els Tolls y Rinc\u00f3n de Loix marcan la agenda<\/p>\n","protected":false},"author":0,"featured_media":3266,"comment_status":"open","ping_status":"open","sticky":false,"template":"","format":"standard","meta":{"_acf_changed":false,"footnotes":""},"categories":[1],"tags":[],"class_list":["post-3265","post","type-post","status-publish","format-standard","has-post-thumbnail","hentry","category-sin-categoria"],"acf":{"ser_id":"3NGNUCMHVZGSVFWHYAJWYIEJ74","ser_url":"https:\/\/cadenaser.com\/comunitat-valenciana\/2024\/03\/15\/fin-de-semana-festero-en-benidorm-fallas-y-conmemoracion-del-hallazgo-de-la-virgen-radio-benidorm\/"},"_links":{"self":[{"href":"https:\/\/serbenidorm.daliisolutions.com\/index.php\/wp-json\/wp\/v2\/posts\/3265","targetHints":{"allow":["GET"]}}],"collection":[{"href":"https:\/\/serbenidorm.daliisolutions.com\/index.php\/wp-json\/wp\/v2\/posts"}],"about":[{"href":"https:\/\/serbenidorm.daliisolutions.com\/index.php\/wp-json\/wp\/v2\/types\/post"}],"replies":[{"embeddable":true,"href":"https:\/\/serbenidorm.daliisolutions.com\/index.php\/wp-json\/wp\/v2\/comments?post=3265"}],"version-history":[{"count":0,"href":"https:\/\/serbenidorm.daliisolutions.com\/index.php\/wp-json\/wp\/v2\/posts\/3265\/revisions"}],"wp:featuredmedia":[{"embeddable":true,"href":"https:\/\/serbenidorm.daliisolutions.com\/index.php\/wp-json\/wp\/v2\/media\/3266"}],"wp:attachment":[{"href":"https:\/\/serbenidorm.daliisolutions.com\/index.php\/wp-json\/wp\/v2\/media?parent=3265"}],"wp:term":[{"taxonomy":"category","embeddable":true,"href":"https:\/\/serbenidorm.daliisolutions.com\/index.php\/wp-json\/wp\/v2\/categories?post=3265"},{"taxonomy":"post_tag","embeddable":true,"href":"https:\/\/serbenidorm.daliisolutions.com\/index.php\/wp-json\/wp\/v2\/tags?post=3265"}],"curies":[{"name":"wp","href":"https:\/\/api.w.org\/{rel}","templated":true}]}}