{"id":33,"date":"2023-11-29T15:21:09","date_gmt":"2023-11-29T14:21:09","guid":{"rendered":"https:\/\/serbenidorm.daliisolutions.com\/index.php\/2023\/11\/29\/ultimos-preparativos-para-la-zona-de-bajas-emisiones-de-benidorm-como-se-podra-circular\/"},"modified":"2023-11-29T15:21:09","modified_gmt":"2023-11-29T14:21:09","slug":"ultimos-preparativos-para-la-zona-de-bajas-emisiones-de-benidorm-como-se-podra-circular","status":"publish","type":"post","link":"https:\/\/serbenidorm.daliisolutions.com\/index.php\/2023\/11\/29\/ultimos-preparativos-para-la-zona-de-bajas-emisiones-de-benidorm-como-se-podra-circular\/","title":{"rendered":"\u00daltimos preparativos para la Zona de Bajas Emisiones de Benidorm: \u00bfC\u00f3mo se podr\u00e1 circular?"},"content":{"rendered":" Benidorm  La Zona de Bajas Emisiones (ZBE) de Benidorm <a href=\"https:\/\/cadenaser.com\/tag\/benidorm\/a\/\" target=\"_blank\" rel=\"noopener\">empezar\u00e1 a funcionar el 1 de enero de 2024 en hasta 74 hect\u00e1reas de Benidorm<\/a>. 74 hect\u00e1reas suponen una superficie equivalente a m\u00e1s de 100 campos de f\u00fatbol y se reparten mayoritariamente entre Levante y el centro urbano sumando la primera l\u00ednea de Poniente.  Un proyecto de obligado cumplimiento para todos los municipios de m\u00e1s de 50.000 habitantes y para cuya puesta en marcha han pedido moratoria muchos ayuntamientos, entre ellos el de Benidorm.  <p>M\u00e1s informaci\u00f3n<\/p><figure><img decoding=\"async\" src=\"https:\/\/cadenaser.com\/resizer\/C4GDgyq7Ur37oavYXdZ7ccLuAw0=\/650x366\/filters:quality(70)\/cloudfront-eu-central-1.images.arcpublishing.com\/prisaradio\/XTXDHRZV3VJRZK7I2REKYL3ECA.jpg\" loading=\"lazy\" width=\"828\" height=\"621\" \/><\/figure><ul><li><a href=\"https:\/\/cadenaser.com\/comunitat-valenciana\/2023\/11\/20\/el-sindic-ve-injustificado-que-el-ayuntamiento-de-benidorm-no-deje-acceder-a-la-oposicion-a-los-libros-de-registro-radio-benidorm\/\">El S\u00edndic ve &quot;injustificado&quot; que el Ayuntamiento de Benidorm no deje acceder a la oposici\u00f3n a los libros de registro<\/a><\/li><\/ul>  Pese a todo ser\u00e1 ese primer d\u00eda del a\u00f1o cuando se dar\u00e1n una serie de restricciones a las que, explicaba el alcalde Toni P\u00e9rez, nos hemos ido acostumbrando los \u00faltimos a\u00f1os con las peatonalizaciones y las calles de uso preferente peatonal: \u00abMucho de lo que vamos a vivir ya lo hemos vivido porque hemos anticipado la mayor\u00eda de medidas en el tiempo y ahora lo que viene es el apoyo tecnol\u00f3gico para la organizaci\u00f3n\u00bb, ha destacado.  \u00bfQui\u00e9n podr\u00e1 circular por la Zona de Bajas Emisiones?  Podr\u00e1n circular por la ZBE de la capital tur\u00edstica de la Comunitat Valenciana residentes, transporte urbano y veh\u00edculos con una autorizaci\u00f3n puntual que se podr\u00e1 conseguir a trav\u00e9s de una aplicaci\u00f3n m\u00f3vil del consistorio que se est\u00e1 desarrollando en estos momentos de forma paralela a la lectura de matr\u00edculas.  <p><p class=\"tit\"><span>Hora 14 Benidorm (21\/11\/2023)<\/span><\/p> <p class=\"emb\"><\/p><\/p>  El residente con un veh\u00edculo que no se considere ecol\u00f3gico, que no tenga <a href=\"https:\/\/cadenaser.com\/comunitat-valenciana\/2023\/10\/27\/la-ocu-pide-modificar-antes-de-final-de-ano-el-sistema-de-etiquetas-ambientales-para-priorizar-coches-de-menos-emisiones-radio-valencia\/\" target=\"_blank\" rel=\"noopener\">etiqueta ECO<\/a>, de momento no tendr\u00e1 ning\u00fan problema para acceder. Primero porque puede pedir moratorias anuales al Ayuntamiento para seguir utilizando su coche o moto y segundo porque todav\u00eda no est\u00e1 lista la ordenanza que regula las sanciones y los primeros meses ser\u00e1n, asegura el alcalde, de pruebas y posibles modificaciones. ","protected":false},"excerpt":{"rendered":"<p>La ZBE entrar\u00e1 en vigor el 1 de enero de 2024 y se restringir\u00e1 la circulaci\u00f3n en 74 hect\u00e1reas de la ciudad a residentes, transporte urbano y permisos puntuales<\/p>\n","protected":false},"author":0,"featured_media":34,"comment_status":"open","ping_status":"open","sticky":false,"template":"","format":"standard","meta":{"_acf_changed":false,"footnotes":""},"categories":[1],"tags":[],"class_list":["post-33","post","type-post","status-publish","format-standard","has-post-thumbnail","hentry","category-sin-categoria"],"acf":{"ser_id":"UVXGYJZLTNC35IJY57MG4LWMOQ","ser_url":""},"_links":{"self":[{"href":"https:\/\/serbenidorm.daliisolutions.com\/index.php\/wp-json\/wp\/v2\/posts\/33","targetHints":{"allow":["GET"]}}],"collection":[{"href":"https:\/\/serbenidorm.daliisolutions.com\/index.php\/wp-json\/wp\/v2\/posts"}],"about":[{"href":"https:\/\/serbenidorm.daliisolutions.com\/index.php\/wp-json\/wp\/v2\/types\/post"}],"replies":[{"embeddable":true,"href":"https:\/\/serbenidorm.daliisolutions.com\/index.php\/wp-json\/wp\/v2\/comments?post=33"}],"version-history":[{"count":0,"href":"https:\/\/serbenidorm.daliisolutions.com\/index.php\/wp-json\/wp\/v2\/posts\/33\/revisions"}],"wp:featuredmedia":[{"embeddable":true,"href":"https:\/\/serbenidorm.daliisolutions.com\/index.php\/wp-json\/wp\/v2\/media\/34"}],"wp:attachment":[{"href":"https:\/\/serbenidorm.daliisolutions.com\/index.php\/wp-json\/wp\/v2\/media?parent=33"}],"wp:term":[{"taxonomy":"category","embeddable":true,"href":"https:\/\/serbenidorm.daliisolutions.com\/index.php\/wp-json\/wp\/v2\/categories?post=33"},{"taxonomy":"post_tag","embeddable":true,"href":"https:\/\/serbenidorm.daliisolutions.com\/index.php\/wp-json\/wp\/v2\/tags?post=33"}],"curies":[{"name":"wp","href":"https:\/\/api.w.org\/{rel}","templated":true}]}}