{"id":3322,"date":"2024-03-20T13:21:16","date_gmt":"2024-03-20T12:21:16","guid":{"rendered":"https:\/\/serbenidorm.daliisolutions.com\/index.php\/2024\/03\/20\/detenidos-los-propietarios-de-cinco-comercios-de-benidorm-tras-intervenir-mas-2-800-articulos-falsificados\/"},"modified":"2024-03-20T13:21:16","modified_gmt":"2024-03-20T12:21:16","slug":"detenidos-los-propietarios-de-cinco-comercios-de-benidorm-tras-intervenir-mas-2-800-articulos-falsificados","status":"publish","type":"post","link":"https:\/\/serbenidorm.daliisolutions.com\/index.php\/2024\/03\/20\/detenidos-los-propietarios-de-cinco-comercios-de-benidorm-tras-intervenir-mas-2-800-articulos-falsificados\/","title":{"rendered":"Detenidos los propietarios  de cinco comercios de Benidorm tras intervenir m\u00e1s 2.800 art\u00edculos falsificados"},"content":{"rendered":"  <p>Benidorm<\/p>   <p>Agentes de la Polic\u00eda Nacional han detenido en Benidorm a cuatro hombres y una mujer tras intervenir m\u00e1s de 2.800 art\u00edculos falsificados de jugueter\u00eda, relojer\u00eda, ropa, complementos y joyer\u00eda de hasta una treintena de reconocidas marcas en los cinco comercios que regentaban, seg\u00fan ha informado este mi\u00e9rcoles la Comisar\u00eda Provincial.<\/p>   <p>La operaci\u00f3n policial se desarroll\u00f3 a ra\u00edz de la denuncia interpuesta por la apoderada de una empresa dedicada a la protecci\u00f3n de los derechos de la propiedad industrial e intelectual de diversas marcas, en la que indic\u00f3 que hab\u00eda detectado que en varios comercios de la localidad tur\u00edstica donde se distribu\u00eda gran cantidad de productos falsificados.<\/p>  <p><p>M\u00e1s informaci\u00f3n<\/p><figure><img decoding=\"async\" src=\"https:\/\/cadenaser.com\/resizer\/LzZTfspYTr3pxqLSEczhBmdoZ1Y=\/650x366\/filters:quality(70)\/cloudfront-eu-central-1.images.arcpublishing.com\/prisaradio\/BSIBJSHZKRFPBJKPLG6CTKFXDA.jpg\" loading=\"lazy\" width=\"828\" height=\"621\" \/><\/figure><ul><li><a href=\"https:\/\/cadenaser.com\/comunitat-valenciana\/2024\/03\/14\/benidorm-consigue-una-moratoria-para-retrasar-la-zona-de-bajas-emisiones-a-final-de-ano-radio-benidorm\/\">Benidorm consigue una moratoria para retrasar la Zona de Bajas Emisiones a final de a\u00f1o<\/a><\/li><\/ul><\/p>   <p>Las intervenciones se han llevado a cabo en <a href=\"https:\/\/cadenaser.com\/tag\/benidorm\/a\/\" target=\"_blank\" rel=\"noopener\">tiendas ubicadas en las avenidas Filipinas y Ametlla de Mar<\/a>, y los cinco arrestados, propietarios de esos comercios, todos ellos de nacionalidad china, est\u00e1n acusados de un delito contra la propiedad industrial por vender productos falsificados.<\/p>   <p>Para la comprobaci\u00f3n de que los art\u00edculos eran falsos, la Polic\u00eda Nacional solicit\u00f3 un informe a la Oficina de Propiedad Intelectual de la Uni\u00f3n Europea (Euipo), con sede en Alicante, en el que corrobor\u00f3 ese extremo. <\/p> ","protected":false},"excerpt":{"rendered":"<p>En el Rinc\u00f3n de Loix<\/p>\n","protected":false},"author":0,"featured_media":3323,"comment_status":"open","ping_status":"open","sticky":false,"template":"","format":"standard","meta":{"_acf_changed":false,"footnotes":""},"categories":[1],"tags":[],"class_list":["post-3322","post","type-post","status-publish","format-standard","has-post-thumbnail","hentry","category-sin-categoria"],"acf":{"ser_id":"N6H7QKBP5ZDABLBM43LZZYY7BQ","ser_url":"https:\/\/cadenaser.com\/comunitat-valenciana\/2024\/03\/20\/detenidos-los-propietarios-de-cinco-comercios-de-benidorm-tras-intervenir-mas-2800-articulos-falsificados-radio-benidorm\/"},"_links":{"self":[{"href":"https:\/\/serbenidorm.daliisolutions.com\/index.php\/wp-json\/wp\/v2\/posts\/3322","targetHints":{"allow":["GET"]}}],"collection":[{"href":"https:\/\/serbenidorm.daliisolutions.com\/index.php\/wp-json\/wp\/v2\/posts"}],"about":[{"href":"https:\/\/serbenidorm.daliisolutions.com\/index.php\/wp-json\/wp\/v2\/types\/post"}],"replies":[{"embeddable":true,"href":"https:\/\/serbenidorm.daliisolutions.com\/index.php\/wp-json\/wp\/v2\/comments?post=3322"}],"version-history":[{"count":0,"href":"https:\/\/serbenidorm.daliisolutions.com\/index.php\/wp-json\/wp\/v2\/posts\/3322\/revisions"}],"wp:featuredmedia":[{"embeddable":true,"href":"https:\/\/serbenidorm.daliisolutions.com\/index.php\/wp-json\/wp\/v2\/media\/3323"}],"wp:attachment":[{"href":"https:\/\/serbenidorm.daliisolutions.com\/index.php\/wp-json\/wp\/v2\/media?parent=3322"}],"wp:term":[{"taxonomy":"category","embeddable":true,"href":"https:\/\/serbenidorm.daliisolutions.com\/index.php\/wp-json\/wp\/v2\/categories?post=3322"},{"taxonomy":"post_tag","embeddable":true,"href":"https:\/\/serbenidorm.daliisolutions.com\/index.php\/wp-json\/wp\/v2\/tags?post=3322"}],"curies":[{"name":"wp","href":"https:\/\/api.w.org\/{rel}","templated":true}]}}