{"id":3324,"date":"2024-03-20T17:11:05","date_gmt":"2024-03-20T16:11:05","guid":{"rendered":"https:\/\/serbenidorm.daliisolutions.com\/index.php\/2024\/03\/20\/donde-se-van-a-construir-las-viviendas-publicas-anunciadas-en-benidorm-y-la-vila-joiosa-por-la-generalitat\/"},"modified":"2024-03-20T17:11:05","modified_gmt":"2024-03-20T16:11:05","slug":"donde-se-van-a-construir-las-viviendas-publicas-anunciadas-en-benidorm-y-la-vila-joiosa-por-la-generalitat","status":"publish","type":"post","link":"https:\/\/serbenidorm.daliisolutions.com\/index.php\/2024\/03\/20\/donde-se-van-a-construir-las-viviendas-publicas-anunciadas-en-benidorm-y-la-vila-joiosa-por-la-generalitat\/","title":{"rendered":"\u00bfD\u00f3nde se van a construir las viviendas p\u00fablicas anunciadas en Benidorm y La Vila Joiosa por la Generalitat?"},"content":{"rendered":"  <p>Benidorm<\/p>   <p>La Generalitat Valenciana ha anunciado la construcci\u00f3n de 91 viviendas en Benidorm y otras 33 en La Vila Joiosa tras firmar con el gobierno central un acuerdo por el que le transferir\u00e1 29 millones procedentes de los fondos europeos para levantar m\u00e1s de 600 viviendas en toda la Comunitat que ser\u00e1n gestionadas por los adjudicatarios en r\u00e9gimen de alquiler asequible durante un per\u00edodo m\u00ednimo de 50 a\u00f1os y un m\u00e1ximo de 75 a\u00f1os.<\/p>   <p>Aunque todav\u00eda se desconocen los plazos de las obras y cuando podr\u00e1n ser aprovechadas estas viviendas; los ayuntamientos de las localidades implicadas, que ceder\u00e1n los suelo sobre los que se edificar\u00e1, van comunicando ya de qu\u00e9 parcelas se trata. En el caso de Benidorm, una de 4.000 metros cuadrados <a href=\"https:\/\/cadenaser.com\/tag\/benidorm\/a\/\" target=\"_blank\" rel=\"noopener\">en Poniente, junto a la calle Cuba y la torre Sakura<\/a>.<\/p>   <p>Por tanto, los nuevos pisos se ubicar\u00e1n en la zona de la Cala al igual que pas\u00f3 con la \u00faltima promoci\u00f3n p\u00fablica del a\u00f1o 2009: \u201cla primera de otras que vendr\u00e1n, puesto que nuestra palabra y nuestro compromiso program\u00e1tico siguen siendo los de impulsar la construcci\u00f3n de 600 viviendas protegidas en el periodo 2023-2027\u201d, ha destacado el alcalde Toni P\u00e9rez.<\/p>  <p><p>M\u00e1s informaci\u00f3n<\/p><figure><img decoding=\"async\" src=\"https:\/\/cadenaser.com\/resizer\/IQHMfnJD5yAoR3V6fy7534nvPes=\/650x366\/filters:quality(70)\/cloudfront-eu-central-1.images.arcpublishing.com\/prisaradio\/5T45QHQNWRBD3G3KPNJSH6Y7ZY.jpg\" loading=\"lazy\" width=\"828\" height=\"621\" \/><\/figure><ul><li><a href=\"https:\/\/cadenaser.com\/comunitat-valenciana\/2024\/03\/13\/el-psoe-de-benidorm-cifra-el-gasto-del-ayuntamiento-en-contratos-caducados-en-18-millones-de-euros-al-ano-radio-benidorm\/\">El PSOE de Benidorm cifra el gasto del Ayuntamiento en contratos caducados en 18 millones de euros al a\u00f1o<\/a><\/li><\/ul><\/p>   <p>Se trata adem\u00e1s de una parte de la ciudad, la de Poniente, con los precios del alquiler disparados y P\u00e9rez cree que esta oferta de vivienda puede contribuir a ordenar esos precios: \u201csupondr\u00e1 una oferta m\u00e1s en el mercado y contribuir\u00e1 a una ordenaci\u00f3n mejor de ese r\u00e9gimen de alquiler en la vivienda existente\u201d, conf\u00eda P\u00e9rez.<\/p>   <p>33 viviendas en La Vila junto al CEIP Gasparot<\/p>   <p>En el caso de La Vila Joiosa, su consistorio ceder\u00e1 una parcela municipal <a href=\"https:\/\/cadenaser.com\/tag\/vila_joiosa\/a\/\" target=\"_blank\" rel=\"noopener\">junto al colegio p\u00fablico Gasparot<\/a> que dispone de 3.734 metros cuadrados y 3.966 metros de techo edificable. Al igual que en el caso de Benidorm, esa cesi\u00f3n a la Generalitat ser\u00e1 incluida en el orden del d\u00eda del pr\u00f3ximo pleno.<\/p>  <p><figure><img decoding=\"async\" src=\"https:\/\/cadenaser.com\/resizer\/kr2VnpZTPkQfL2UQbaeByX_ziL0=\/650x366\/filters:quality(70)\/cloudfront-eu-central-1.images.arcpublishing.com\/prisaradio\/7ILWAPFTDJHPRMRWOVCNNEMUYA.jpg\" loading=\"lazy\" width=\"650\" height=\"366\" \/><\/figure><button>Ampliar<\/button><\/p>   <p>\u201cDesde que asumimos el gobierno local, una de nuestras prioridades ha sido fomentar el acceso a la vivienda y hemos estado trabajando durante estos meses con el secretario auton\u00f3mico de Vivienda, Sebasti\u00e1n Fern\u00e1ndez, para ofrecerle suelo p\u00fablico habilitado y poder conseguir viviendas sociales, sobre todo destinadas al alquiler joven\u201d, ha subrayado el primer edil vilero Marcos Zaragoza.<\/p>   <p>En este mismo sentido, Zaragoza tambi\u00e9n ha apuntado que \u201clos precios de la vivienda se han disparado en los \u00faltimos a\u00f1os y las administraciones p\u00fablicas tienen parte de responsabilidad de dotar de viviendas a la ciudadan\u00eda\u201d.<\/p> ","protected":false},"excerpt":{"rendered":"<p>Los ayuntamientos van a ceder el suelo para levantar estos edificios \u00abde alquiler asequible\u00bb<\/p>\n","protected":false},"author":0,"featured_media":3325,"comment_status":"open","ping_status":"open","sticky":false,"template":"","format":"standard","meta":{"_acf_changed":false,"footnotes":""},"categories":[1],"tags":[],"class_list":["post-3324","post","type-post","status-publish","format-standard","has-post-thumbnail","hentry","category-sin-categoria"],"acf":{"ser_id":"3ZM2EOX4LJD7HEML6PG2JRYVIM","ser_url":"https:\/\/cadenaser.com\/comunitat-valenciana\/2024\/03\/20\/donde-se-van-a-construir-las-viviendas-publicas-anunciadas-en-benidorm-y-la-vila-joiosa-por-la-generalitat-radio-benidorm\/"},"_links":{"self":[{"href":"https:\/\/serbenidorm.daliisolutions.com\/index.php\/wp-json\/wp\/v2\/posts\/3324","targetHints":{"allow":["GET"]}}],"collection":[{"href":"https:\/\/serbenidorm.daliisolutions.com\/index.php\/wp-json\/wp\/v2\/posts"}],"about":[{"href":"https:\/\/serbenidorm.daliisolutions.com\/index.php\/wp-json\/wp\/v2\/types\/post"}],"replies":[{"embeddable":true,"href":"https:\/\/serbenidorm.daliisolutions.com\/index.php\/wp-json\/wp\/v2\/comments?post=3324"}],"version-history":[{"count":0,"href":"https:\/\/serbenidorm.daliisolutions.com\/index.php\/wp-json\/wp\/v2\/posts\/3324\/revisions"}],"wp:featuredmedia":[{"embeddable":true,"href":"https:\/\/serbenidorm.daliisolutions.com\/index.php\/wp-json\/wp\/v2\/media\/3325"}],"wp:attachment":[{"href":"https:\/\/serbenidorm.daliisolutions.com\/index.php\/wp-json\/wp\/v2\/media?parent=3324"}],"wp:term":[{"taxonomy":"category","embeddable":true,"href":"https:\/\/serbenidorm.daliisolutions.com\/index.php\/wp-json\/wp\/v2\/categories?post=3324"},{"taxonomy":"post_tag","embeddable":true,"href":"https:\/\/serbenidorm.daliisolutions.com\/index.php\/wp-json\/wp\/v2\/tags?post=3324"}],"curies":[{"name":"wp","href":"https:\/\/api.w.org\/{rel}","templated":true}]}}