{"id":3372,"date":"2024-03-21T19:11:06","date_gmt":"2024-03-21T18:11:06","guid":{"rendered":"https:\/\/serbenidorm.daliisolutions.com\/index.php\/2024\/03\/21\/benidorm-dara-luz-verde-a-urbanizar-la-ultima-gran-bolsa-de-suelo-libre-en-levante-tras-dos-decadas-de-paralisis\/"},"modified":"2024-03-21T19:11:06","modified_gmt":"2024-03-21T18:11:06","slug":"benidorm-dara-luz-verde-a-urbanizar-la-ultima-gran-bolsa-de-suelo-libre-en-levante-tras-dos-decadas-de-paralisis","status":"publish","type":"post","link":"https:\/\/serbenidorm.daliisolutions.com\/index.php\/2024\/03\/21\/benidorm-dara-luz-verde-a-urbanizar-la-ultima-gran-bolsa-de-suelo-libre-en-levante-tras-dos-decadas-de-paralisis\/","title":{"rendered":"Benidorm dar\u00e1 luz verde a urbanizar la \u00faltima gran bolsa de suelo libre en Levante tras dos d\u00e9cadas de par\u00e1lisis"},"content":{"rendered":"  <p>Benidorm<\/p>   <p>El desarrollo de la \u00faltima gran bolsa de suelo urbanizable en la zona de  Levante de Benidorm ver\u00e1 la luz de forma definitiva el pr\u00f3ximo mi\u00e9rcoles, fecha en la que el Ayuntamiento tiene previsto aprobar en pleno la versi\u00f3n final del Plan Parcial 1\/1 \u201cEnsanche Levante\u201d.<\/p>   <p><a href=\"https:\/\/cadenaser.com\/tag\/benidorm\/a\/\" target=\"_blank\" rel=\"noopener\">Este plan antiguamente conocido como PAI Armanello acumulaba m\u00e1s de dos d\u00e9cadas de par\u00e1lisis<\/a>. En 2018 y tras un largo periplo judicial que termin\u00f3 por arrebatarle al empresario alicantino Enrique Ortiz la condici\u00f3n de agente urbanizador, una agrupaci\u00f3n de inter\u00e9s urban\u00edstico decidi\u00f3 cambiar de nombre el plan a \u201cEnsanche Levante\u201d e iniciar la redacci\u00f3n de un nuevo proyecto de urbanizaci\u00f3n.<\/p>  <p><p class=\"tit\"><span>Hora 14 Benidorm (21\/03\/2024)<\/span><\/p> <p class=\"emb\"><iframe loading=\"lazy\" src=\"https:\/\/cadenaser.com\/embed\/audio\/460\/cadenaser_benidorm_hora14benidorm_20240321_141700_143000\/\" width=\"100%\" height=\"360\" frameborder=\"0\" allowfullscreen><\/iframe><\/p><\/p>   <p>Tras superar diversos tr\u00e1mites, el pleno de Benidorm dar\u00e1 luz verde de forma definitiva al desarrollo de este sector que cuenta con 575.371 metros cuadrados y es el m\u00e1s importante en cuanto a superficie en el t\u00e9rmino. La propuesta ser\u00e1 dictaminada este viernes en comisi\u00f3n informativa de R\u00e9gimen Interior.<\/p>   <p>As\u00ed ser\u00e1 el \u00abEnsanche Levante\u00bb<\/p>   <p>El Plan Parcial \u201cEnsanche Levante\u201d sigue el modelo de urbanismo vertical que prima en Benidorm con inmuebles con un altura m\u00ednima de 20 plantas.<\/p>  <p><p>M\u00e1s informaci\u00f3n<\/p><figure><img decoding=\"async\" src=\"https:\/\/cadenaser.com\/resizer\/IQHMfnJD5yAoR3V6fy7534nvPes=\/650x366\/filters:quality(70)\/cloudfront-eu-central-1.images.arcpublishing.com\/prisaradio\/5T45QHQNWRBD3G3KPNJSH6Y7ZY.jpg\" loading=\"lazy\" width=\"828\" height=\"621\" \/><\/figure><ul><li><a href=\"https:\/\/cadenaser.com\/comunitat-valenciana\/2024\/03\/13\/el-psoe-de-benidorm-cifra-el-gasto-del-ayuntamiento-en-contratos-caducados-en-18-millones-de-euros-al-ano-radio-benidorm\/\">El PSOE de Benidorm cifra el gasto del Ayuntamiento en contratos caducados en 18 millones de euros al a\u00f1o<\/a><\/li><\/ul><\/p>   <p>La superficie destinada a equipamientos p\u00fablicos y zonas verdes supone el 65% del total del suelo mientras que se limita al 35% la edificaci\u00f3n de viviendas residenciales, tur\u00edsticas y hoteles.<\/p>   <p>De  los alrededor de 575.000 m\u00b2 de suelo, 95.000 m\u00b2 se destinar\u00e1 a  equipamientos y, de estos, 13.917 m\u00b2 corresponden a dos parcelas para usos educativos. El plan parcial contempla un gran parque  central de 61.629 m2, casi 13.000 m2 en jardines y m\u00e1s de 23.000 de espacios libres peatonales.<\/p>   <p>En lo que respecta a la construcci\u00f3n de alojamientos: 1.564 ser\u00e1n viviendas tur\u00edsticas, 780 viviendas de uso residencial  y tambi\u00e9n habr\u00e1 una veintena de hoteles.<\/p>   <p>Tras la aprobaci\u00f3n definitiva en pleno la AIU (Agrupaci\u00f3n de Inter\u00e9s  Urban\u00edstico) podr\u00e1 iniciar los tr\u00e1mites tr\u00e1mites para la redacci\u00f3n del  proyecto de urbanizaci\u00f3n y reparcelaci\u00f3n del sector. \u201cSe trata del sector urban\u00edstico m\u00e1s importante del t\u00e9rmino municipal en cuanto a superficie de los que se recogen en el Plan General de 1990\u201d, ha manifestado el alcalde, Toni P\u00e9rez.<\/p>   <p>La propuesta de aprobaci\u00f3n definitiva que ir\u00e1 a pleno incluye un resumen no t\u00e9cnico de la versi\u00f3n final, las normas urban\u00edsticas que regir\u00e1n, as\u00ed como diferentes estudios y memorias.<\/p> ","protected":false},"excerpt":{"rendered":"<p>El Plan Parcial \u00abEnsanche Levante\u00bb, antiguo Armanello, saldr\u00e1 adelante en el pr\u00f3ximo pleno<\/p>\n","protected":false},"author":0,"featured_media":3373,"comment_status":"open","ping_status":"open","sticky":false,"template":"","format":"standard","meta":{"_acf_changed":false,"footnotes":""},"categories":[1],"tags":[],"class_list":["post-3372","post","type-post","status-publish","format-standard","has-post-thumbnail","hentry","category-sin-categoria"],"acf":{"ser_id":"TIWSNT7XDRBUTEB6CMLHJRJG5I","ser_url":"https:\/\/cadenaser.com\/comunitat-valenciana\/2024\/03\/21\/benidorm-dara-luz-verde-a-urbanizar-la-ultima-gran-bolsa-de-suelo-libre-en-levante-tras-dos-decadas-de-paralisis-radio-benidorm\/"},"_links":{"self":[{"href":"https:\/\/serbenidorm.daliisolutions.com\/index.php\/wp-json\/wp\/v2\/posts\/3372","targetHints":{"allow":["GET"]}}],"collection":[{"href":"https:\/\/serbenidorm.daliisolutions.com\/index.php\/wp-json\/wp\/v2\/posts"}],"about":[{"href":"https:\/\/serbenidorm.daliisolutions.com\/index.php\/wp-json\/wp\/v2\/types\/post"}],"replies":[{"embeddable":true,"href":"https:\/\/serbenidorm.daliisolutions.com\/index.php\/wp-json\/wp\/v2\/comments?post=3372"}],"version-history":[{"count":0,"href":"https:\/\/serbenidorm.daliisolutions.com\/index.php\/wp-json\/wp\/v2\/posts\/3372\/revisions"}],"wp:featuredmedia":[{"embeddable":true,"href":"https:\/\/serbenidorm.daliisolutions.com\/index.php\/wp-json\/wp\/v2\/media\/3373"}],"wp:attachment":[{"href":"https:\/\/serbenidorm.daliisolutions.com\/index.php\/wp-json\/wp\/v2\/media?parent=3372"}],"wp:term":[{"taxonomy":"category","embeddable":true,"href":"https:\/\/serbenidorm.daliisolutions.com\/index.php\/wp-json\/wp\/v2\/categories?post=3372"},{"taxonomy":"post_tag","embeddable":true,"href":"https:\/\/serbenidorm.daliisolutions.com\/index.php\/wp-json\/wp\/v2\/tags?post=3372"}],"curies":[{"name":"wp","href":"https:\/\/api.w.org\/{rel}","templated":true}]}}