{"id":3383,"date":"2024-03-22T11:27:40","date_gmt":"2024-03-22T10:27:40","guid":{"rendered":"https:\/\/serbenidorm.daliisolutions.com\/index.php\/2024\/03\/22\/semana-santa-2024-en-benidorm-horario-y-recorrido-de-las-procesiones\/"},"modified":"2024-03-22T11:27:40","modified_gmt":"2024-03-22T10:27:40","slug":"semana-santa-2024-en-benidorm-horario-y-recorrido-de-las-procesiones","status":"publish","type":"post","link":"https:\/\/serbenidorm.daliisolutions.com\/index.php\/2024\/03\/22\/semana-santa-2024-en-benidorm-horario-y-recorrido-de-las-procesiones\/","title":{"rendered":"Semana Santa 2024 en Benidorm: horario y recorrido de las procesiones"},"content":{"rendered":"  <p>Benidorm<\/p>   <p>Semana Santa y Benidorm conducen con frecuencia a pensar en el inicio de la temporada alta y la primera llegada masiva de turistas, pero durante estos d\u00edas la ciudad tambi\u00e9n celebra con intensidad la tradici\u00f3n religiosa con numerosos actos y eventos culturales en los que se intercalan vecinos y visitantes.<\/p>   <p>La imagen habitual de las calles se transforma combinando el comercio y el ocio con el color de las cofrad\u00edas y sus pasos o el sonido de las marchas interpretadas por cornetas y tambores que caracterizan las procesiones que tambi\u00e9n <a href=\"https:\/\/cadenaser.com\/tag\/benidorm\/a\/\" target=\"_blank\" rel=\"noopener\">marcan la agenda para los pr\u00f3ximos d\u00edas<\/a>:<\/p>   <p>D\u00eda 24: Domingo de Ramos<\/p>   <p>PROCESI\u00d3N DE LAS PALMAS<\/p>   <p><li>11:00 h: Parroquia San Jaime y Santa Ana.<\/li><li>11:00 h: Parroquia Ntra. Sra. de la Almudena.<\/li><li>11:30 h: Parroquia San Francisco de As\u00eds.<\/li><li>11:30 h: Parroquia Ntra. Sra. del Carmen.<\/li><li>11:45 h: Parroquia Ntra. Sra. del Mar.<\/li><li>12:00 h: Parroquia el Buen Pastor.<\/li><li>12:00 h: Parroquia San Juan Bautista.<\/li><\/p>   <p>20:00 h: PROCESI\u00d3N REAL COFRAD\u00cdA NTRA. SRA. DE LA ESPERANZA Y LA PAZ Y NTRO. PADRE JES\u00daS DE LA SALUD Y HUMILDAD.\u00a0 Parroquia el Buen Pastor. <\/p>   <p>Itinerario: Parroquia El Buen Pastor, C\/ Puig Campana, C\/ Rold\u00e1n, Av. de los Almen &#8211; dros, Av. de los Limones, C\/ Maravall, C\/ Apolo XI, C\/ Jazm\u00edn, Plaza de Espa\u00f1a, y C\/ Puig Campana, para regresar al Templo.<\/p>   <p>D\u00eda 27: Mi\u00e9rcoles Santo<\/p>   <p>22:00 h: PROCESI\u00d3N COFRAD\u00cdA NUESTRO PADRE JES\u00daS NAZARENO. Parroquia San Jaime y Santa Ana. <\/p>   <p>Itinerario: Plaza San Jaime, Calle Mayor, Calle Alameda, Plaza de la Cruz, Calle Ruzafa, Calle la Biga, Calle Tom\u00e1s Ortu\u00f1o, Calle Apolo XI, Calle Almendros, Paseo de la Carretera, Calle Santa Faz y Plaza San Jaime.<\/p>   <p>D\u00eda 28: Jueves Santo<\/p>   <p>21:00 h: PROCESI\u00d3N HERMANDAD SACRAMENTAL DE LA SANTA CENA Y LA COFRAD\u00cdA DEL CRISTO DEL PERD\u00d3N Y LA BUENA MUERTE. Parroquia Ntra. Sra. de la Almudena.<\/p>   <p>Itinerario habitual por las calles del barrio<\/p>   <p>21:00 h: PROCESI\u00d3N DE LA COFRAD\u00cdA ORACI\u00d3N DE JES\u00daS EN EL HUERTO DE GETSEMAN\u00cd. Parroquia San Juan Bautista.<\/p>   <p>Itinerario: Pza de las Tiendas, C\/ Pajares, Avda. Mont-Benidorm, Avda. Vicente Llorca Alos, C\/ Vinaroz, C\/ Santander, Avda. Mont-Benidorm, C\/ Pajares, Plaza de las Tiendas y Parroquia.<\/p>   <p>D\u00eda 29: Viernes Santo<\/p>   <p>20:30 h: PROCESI\u00d3N GENERAL Y DEL SANTO ENTIERRO. Parroquia San Jaime y Santa Ana. <\/p>   <p>D\u00eda 31: Domingo de Resurrecci\u00f3n<\/p>   <p>08:00 h: PROCESI\u00d3N DEL ENCUENTRO Y EMBAJADA. Parroquia S. Jaime y Sta Ana.<\/p> ","protected":false},"excerpt":{"rendered":"<p>Benidorm Semana Santa y Benidorm conducen con frecuencia a pensar en el inicio de la temporada alta y la primera llegada masiva de turistas, pero durante estos d\u00edas la ciudad tambi\u00e9n celebra con intensidad la tradici\u00f3n religiosa con numerosos actos y eventos culturales en los que se intercalan vecinos y visitantes. La imagen habitual de [&hellip;]<\/p>\n","protected":false},"author":0,"featured_media":3384,"comment_status":"open","ping_status":"open","sticky":false,"template":"","format":"standard","meta":{"_acf_changed":false,"footnotes":""},"categories":[1],"tags":[],"class_list":["post-3383","post","type-post","status-publish","format-standard","has-post-thumbnail","hentry","category-sin-categoria"],"acf":{"ser_id":"YQ7EOVQSEZB47LOD54TA3G6DNM","ser_url":"https:\/\/cadenaser.com\/comunitat-valenciana\/2024\/03\/22\/semana-santa-2024-en-benidorm-horario-y-recorrido-de-las-procesiones-radio-benidorm\/"},"_links":{"self":[{"href":"https:\/\/serbenidorm.daliisolutions.com\/index.php\/wp-json\/wp\/v2\/posts\/3383","targetHints":{"allow":["GET"]}}],"collection":[{"href":"https:\/\/serbenidorm.daliisolutions.com\/index.php\/wp-json\/wp\/v2\/posts"}],"about":[{"href":"https:\/\/serbenidorm.daliisolutions.com\/index.php\/wp-json\/wp\/v2\/types\/post"}],"replies":[{"embeddable":true,"href":"https:\/\/serbenidorm.daliisolutions.com\/index.php\/wp-json\/wp\/v2\/comments?post=3383"}],"version-history":[{"count":0,"href":"https:\/\/serbenidorm.daliisolutions.com\/index.php\/wp-json\/wp\/v2\/posts\/3383\/revisions"}],"wp:featuredmedia":[{"embeddable":true,"href":"https:\/\/serbenidorm.daliisolutions.com\/index.php\/wp-json\/wp\/v2\/media\/3384"}],"wp:attachment":[{"href":"https:\/\/serbenidorm.daliisolutions.com\/index.php\/wp-json\/wp\/v2\/media?parent=3383"}],"wp:term":[{"taxonomy":"category","embeddable":true,"href":"https:\/\/serbenidorm.daliisolutions.com\/index.php\/wp-json\/wp\/v2\/categories?post=3383"},{"taxonomy":"post_tag","embeddable":true,"href":"https:\/\/serbenidorm.daliisolutions.com\/index.php\/wp-json\/wp\/v2\/tags?post=3383"}],"curies":[{"name":"wp","href":"https:\/\/api.w.org\/{rel}","templated":true}]}}