{"id":3385,"date":"2024-03-22T11:53:38","date_gmt":"2024-03-22T10:53:38","guid":{"rendered":"https:\/\/serbenidorm.daliisolutions.com\/index.php\/2024\/03\/22\/semana-santa-2024-en-la-vila-joiosa-horario-y-recorrido-de-las-procesiones\/"},"modified":"2024-03-22T11:53:38","modified_gmt":"2024-03-22T10:53:38","slug":"semana-santa-2024-en-la-vila-joiosa-horario-y-recorrido-de-las-procesiones","status":"publish","type":"post","link":"https:\/\/serbenidorm.daliisolutions.com\/index.php\/2024\/03\/22\/semana-santa-2024-en-la-vila-joiosa-horario-y-recorrido-de-las-procesiones\/","title":{"rendered":"Semana Santa 2024 en La Vila Joiosa: horario y recorrido de las procesiones"},"content":{"rendered":"  <p>La Vila Joiosa<\/p>   <p>La Vila Joiosa vivir\u00e1 la pasi\u00f3n y el fervor de la Semana Santa en sus calles con los traslados y procesiones de las diferentes im\u00e1genes adem\u00e1s de las celebraciones lit\u00fargicas que organiza la Junta Mayor de Cofrad\u00edas y Hermandades de Semana Santa con la colaboraci\u00f3n de Ayuntamiento.<\/p>   <p>El concejal de Fiestas, Jaime Santamar\u00eda, expone que \u201cla Semana Santa est\u00e1 consolid\u00e1ndose como una celebraci\u00f3n tradicional de referencia en el municipio, por lo que felicito a <a href=\"https:\/\/cadenaser.com\/tag\/vila_joiosa\/a\/\" target=\"_blank\" rel=\"noopener\">cada una de las diez cofrad\u00edas, as\u00ed como a la Junta Mayor<\/a>, por el gran esfuerzo y trabajo que le dedican a lo largo del a\u00f1o. Adem\u00e1s, invito a los vecinos y a los turistas que nos visiten estos d\u00edas, que respeten y compartan con los cofrades la solemnidad y el fervor de cada acto\u201d.<\/p>   <p>D\u00eda 24: Domingo de Ramos<\/p>   <p><li>10:45 h:\u00a0Bendici\u00f3n de Palmas y Ramos , procesi\u00f3n y Santa Misa en la parroquia de Sant Antoni de Abat.<\/li><li>11:00 h: Bendici\u00f3n de Palmas y Ramos y procesi\u00f3n del Cristo Triunfante en la Capilla de la Sant\u00edsima Trinitat.<\/li><li>12:00 h: Bendici\u00f3n de Palmas y Ramos, procesi\u00f3n y Santa Misa en la parroquia Nuestra Se\u00f1ora del Carmen.<\/li><\/p>   <p>D\u00eda 25: Lunes Santo<\/p>   <p><li>17:00 h: Celebraci\u00f3n penitencial, confesiones y Santa Misa en la parroquia de Sant Antoni de Abat.<\/li><li>21:00 h:\u00a0Procesi\u00f3n de Nuestra Se\u00f1ora de la Claridad en la Iglesia Nuestra Se\u00f1ora de la Asunci\u00f3n.<\/li><\/p>   <p>D\u00eda 26: Martes Santo<\/p>   <p><li>18:00 h:\u00a0Celebraci\u00f3n penitencial, confesiones y Santa Misa en la parroquia Nuestra Se\u00f1ora del Carmen.<\/li><li>21:00 h:\u00a0Procesi\u00f3n de la imagen de Nuestro Padre Jes\u00fas Nazareno hasta la Iglesia Nuestra Se\u00f1ora de la Asunci\u00f3n.<\/li><\/p>   <p>D\u00eda 27: Mi\u00e9rcoles Santo<\/p>   <p><li>18:00 h:\u00a0Celebraci\u00f3n penitencial, confesiones y Santa Misa en el Templo de Cristo Resucitado.<\/li><li>22:00 h:\u00a0Procesi\u00f3n del Silencio en la Ermita de San Bartolom\u00e9.<\/li><\/p>   <p>D\u00eda 28: Jueves Santo<\/p>   <p><li>21:00 h:\u00a0Procesi\u00f3n del Ecce Homo.<\/li><li>17:00 h:\u00a0Santa Misa en el Sopar del Senyor y reserva solemne de la Eucaristia, Vela al Sant\u00edsimo.<\/li><li>17:30 h:\u00a0Santa Misa en el Sopar del Senyor ubicado en la Iglesia Nuestra Se\u00f1ora de la Asunci\u00f3n.<\/li><li>19:00 h:\u00a0Santa Misa en el Sopar del Senyor y reserva solembe de la Eucaristia.<\/li><li>23:00 h:\u00a0Hora Santa y Vela al Sant\u00edsim.<\/li><li>24:00 h:\u00a0Vela al Sant\u00edsimo en la Parroquia Sant Antoni de Abat.<\/li><\/p>   <p>D\u00eda 29: Viernes Santo<\/p>   <p><li>6:00 h:\u00a0Salida de la imagen de la Santa Mujer Ver\u00f3nica en la parroquia de Nuestra Se\u00f1ora del Carmen.<\/li><li>7:30 h: Procesi\u00f3n del Calvario en la Iglesia de Nuestra Se\u00f1ora de la Asunci\u00f3n.<\/li><\/p>   <p>D\u00eda 30: S\u00e1bado Santo<\/p>   <p><li>20:30 h:\u00a0Solemne Vigilia Pascual en la parroquia Sant Antoni de Abat.<\/li><li>23:00 h:\u00a0Solemne Vigilia Pascual en la parroquia Nuestra Se\u00f1ora del Carmen y a la misma hora tambi\u00e9n habr\u00e1 Solemne Vigilia en el Templo Cristo Resucitado.<\/li><\/p>   <p>D\u00eda 31: Domingo de Resurrecci\u00f3n<\/p>   <p><li>9:00 h: Santa Misa de Resurrecci\u00f3n.<\/li><li>12:00 h:\u00a0Santa Misa de Resurrecci\u00f3n.<\/li><li>11:00 h:\u00a0Santa Misa de Resurrecci\u00f3n.<\/li><li>11:15 h:\u00a0Salida de la Cofrad\u00eda de Resurrecci\u00f3n y Gloria en la imagen del Jes\u00fas Resucitado en la Cofrad\u00eda de San Bartolom\u00e9 para la celebraci\u00f3n del encuentro de Resurrecci\u00f3n con la imagen de la Virgen de Gloria.<\/li><li>11:15 h:\u00a0Salida de la cofrad\u00eda de la Virgen de los Dolores que parte de la iglesia de Nuestra Se\u00f1ora de la Asunci\u00f3n con la imagen de la Virgen de Gloria para el encuentro entre las im\u00e1genes de madre e hijo.<\/li><li>19:30 h: Santa Misa de Resurrecci\u00f3n en la Iglesia Nuestra Se\u00f1ora de la Asunci\u00f3n.<\/li><\/p> ","protected":false},"excerpt":{"rendered":"<p>La Vila Joiosa La Vila Joiosa vivir\u00e1 la pasi\u00f3n y el fervor de la Semana Santa en sus calles con los traslados y procesiones de las diferentes im\u00e1genes adem\u00e1s de las celebraciones lit\u00fargicas que organiza la Junta Mayor de Cofrad\u00edas y Hermandades de Semana Santa con la colaboraci\u00f3n de Ayuntamiento. El concejal de Fiestas, Jaime [&hellip;]<\/p>\n","protected":false},"author":0,"featured_media":3386,"comment_status":"open","ping_status":"open","sticky":false,"template":"","format":"standard","meta":{"_acf_changed":false,"footnotes":""},"categories":[1],"tags":[],"class_list":["post-3385","post","type-post","status-publish","format-standard","has-post-thumbnail","hentry","category-sin-categoria"],"acf":{"ser_id":"YBWBRFANARHYNG7J3JENKLP6LI","ser_url":"https:\/\/cadenaser.com\/comunitat-valenciana\/2024\/03\/22\/semana-santa-2024-en-la-vila-joiosa-horario-y-recorrido-de-las-procesiones-radio-benidorm\/"},"_links":{"self":[{"href":"https:\/\/serbenidorm.daliisolutions.com\/index.php\/wp-json\/wp\/v2\/posts\/3385","targetHints":{"allow":["GET"]}}],"collection":[{"href":"https:\/\/serbenidorm.daliisolutions.com\/index.php\/wp-json\/wp\/v2\/posts"}],"about":[{"href":"https:\/\/serbenidorm.daliisolutions.com\/index.php\/wp-json\/wp\/v2\/types\/post"}],"replies":[{"embeddable":true,"href":"https:\/\/serbenidorm.daliisolutions.com\/index.php\/wp-json\/wp\/v2\/comments?post=3385"}],"version-history":[{"count":0,"href":"https:\/\/serbenidorm.daliisolutions.com\/index.php\/wp-json\/wp\/v2\/posts\/3385\/revisions"}],"wp:featuredmedia":[{"embeddable":true,"href":"https:\/\/serbenidorm.daliisolutions.com\/index.php\/wp-json\/wp\/v2\/media\/3386"}],"wp:attachment":[{"href":"https:\/\/serbenidorm.daliisolutions.com\/index.php\/wp-json\/wp\/v2\/media?parent=3385"}],"wp:term":[{"taxonomy":"category","embeddable":true,"href":"https:\/\/serbenidorm.daliisolutions.com\/index.php\/wp-json\/wp\/v2\/categories?post=3385"},{"taxonomy":"post_tag","embeddable":true,"href":"https:\/\/serbenidorm.daliisolutions.com\/index.php\/wp-json\/wp\/v2\/tags?post=3385"}],"curies":[{"name":"wp","href":"https:\/\/api.w.org\/{rel}","templated":true}]}}