{"id":3394,"date":"2024-03-22T14:47:56","date_gmt":"2024-03-22T13:47:56","guid":{"rendered":"https:\/\/serbenidorm.daliisolutions.com\/index.php\/2024\/03\/22\/servigroup-benidorm-vs-utrera-final-a-distancia-en-el-voleibol\/"},"modified":"2024-03-22T14:47:56","modified_gmt":"2024-03-22T13:47:56","slug":"servigroup-benidorm-vs-utrera-final-a-distancia-en-el-voleibol","status":"publish","type":"post","link":"https:\/\/serbenidorm.daliisolutions.com\/index.php\/2024\/03\/22\/servigroup-benidorm-vs-utrera-final-a-distancia-en-el-voleibol\/","title":{"rendered":"Servigroup Benidorm vs. Utrera, final a distancia en el voleibol"},"content":{"rendered":"  <p>Benidorm<\/p>   <p>Casi 550 kil\u00f3metros separan las localidades de Almorad\u00ed y Utrera o, lo que es lo mismo, los escenarios en los que el Servigroup Benidorm y su principal (y \u00fanico) rival en <a href=\"https:\/\/cadenaser.com\/comunitat-valenciana\/2024\/03\/18\/el-servigroup-benidorm-se-encomienda-a-un-milagro-para-optar-al-ascenso-radio-benidorm\/\" target=\"_blank\" rel=\"noopener\">la pelea por optar al ascenso a la m\u00e1xima categor\u00eda del v\u00f3ley nacional<\/a> disputar\u00e1n sus respectivos encuentros este fin de semana.<\/p>   <p>Los dos equipos llegan a esta pen\u00faltima fecha de la fase regular de la Superliga 2 masculina separados por seis puntos y, por lo tanto, con los sevillanos con pie y medio en la pelea por el ascenso. Para que los benidormenses puedan optar a arrebatarles esa segunda plaza final en la \u00faltima jornada, que se celebrar\u00e1 en el Pabell\u00f3n Ra\u00fal Mesa el d\u00eda 6 de abril, deben de darse este fin de semana dos resultados concretos: primero, que el <a href=\"https:\/\/cadenaser.com\/tag\/club_voleibol_playas_benidorm\/a\/\" target=\"_blank\" rel=\"noopener\">Servigroup Benidorm<\/a> gane en Almorad\u00ed sumando los tres puntos (es decir, por resultados de 0-3 o 1-3) y que el Utrera caiga en casa sin sumar el punto de consolaci\u00f3n ante el Costa del V\u00f3ley.<\/p>  <p><p>M\u00e1s informaci\u00f3n<\/p><figure><img decoding=\"async\" src=\"https:\/\/cadenaser.com\/resizer\/0M-C4_pTXTv1GMfGzMh0f5XAFQc=\/650x366\/filters:quality(70)\/cloudfront-eu-central-1.images.arcpublishing.com\/prisaradio\/YUBMOAN6EBEOPMMW275ZTC5YCM.JPG\" loading=\"lazy\" width=\"828\" height=\"621\" \/><\/figure><ul><li><a href=\"https:\/\/cadenaser.com\/comunitat-valenciana\/2023\/09\/21\/todos-los-partidos-los-horarios-y-los-resultados-del-voleibol-2023-2024-radio-benidorm\/\">Todos los partidos, los horarios y los resultados del voleibol 2023-2024<\/a><\/li><\/ul><\/p>   <p>Los de Adriano Lamb saltar\u00e1n a la cancha del Almorad\u00ed este s\u00e1bado (17:30 horas) para medirse al quinto clasificado de la tabla, con s\u00f3lo cuatro puntos menos que los de Benidorm y, por lo tanto, con opciones de conseguir todav\u00eda alcanzar esa \u2018medalla de bronce\u2019 que ahora es del Servigroup Benidorm como premio de consolaci\u00f3n a su temporada.<\/p>   <p>S\u00f3lo media hora m\u00e1s tarde arrancar\u00e1 en Utrera el partido que medir\u00e1 a los andaluces con el Costa del V\u00f3ley, un equipo que ya no se juega absolutamente nada en la Superliga 2 m\u00e1s all\u00e1 de defender su actual sexta plaza del acoso de un Almer\u00eda que les persigue a tres puntos de distancia.<\/p>   <p>As\u00ed las cosas, s\u00f3lo sumando los tres puntos y confiando en una derrota total del Utrera el Servigroup Benidorm podr\u00e1 llegar con vida a esa \u00faltima jornada en la que, de nuevo, deber\u00eda de sumar los tres puntos en la \u2018gran final\u2019 del Ra\u00fal Mesa.<\/p>   <p><b>El HolaCV-Benidorm defiende la cuarta plaza<\/b><\/p>   <p>Por su parte, el <a href=\"https:\/\/cadenaser.com\/tag\/club_voleibol_playas_benidorm\/a\/\" target=\"_blank\" rel=\"noopener\">HolaCV-Benidorm<\/a> viaja este s\u00e1bado (17:30 horas) a la cancha del X\u00e0tiva con la \u00fanica misi\u00f3n de tratar de defender su actual cuarta plaza en la Superliga 2 femenina y, en todo caso, tratar de mantener vivas sus opciones de arrebatarle la tercera posici\u00f3n al Gu\u00eda canario en la \u00faltima jornada.<\/p>   <p>As\u00ed mismo, el Medsur-Finestrat tiene un corto desplazamiento hasta la cancha del Universitat d\u2019Alacant donde este s\u00e1bado (18:00 horas) protagonizar\u00e1 el \u00faltimo derbi provincial del a\u00f1o.<\/p> ","protected":false},"excerpt":{"rendered":"<p>Los del Ra\u00fal Mesa tienen que sumar los tres puntos y confiar en el tropiezo andaluz para seguir aspirando al ascenso<\/p>\n","protected":false},"author":0,"featured_media":3395,"comment_status":"open","ping_status":"open","sticky":false,"template":"","format":"standard","meta":{"_acf_changed":false,"footnotes":""},"categories":[16],"tags":[],"class_list":["post-3394","post","type-post","status-publish","format-standard","has-post-thumbnail","hentry","category-deportes"],"acf":{"ser_id":"KZGLZYBMFZE7FFRXP4NSVSIYMQ","ser_url":"https:\/\/cadenaser.com\/comunitat-valenciana\/2024\/03\/22\/servigroup-benidorm-vs-utrera-final-a-distancia-en-el-voleibol-radio-benidorm\/"},"_links":{"self":[{"href":"https:\/\/serbenidorm.daliisolutions.com\/index.php\/wp-json\/wp\/v2\/posts\/3394","targetHints":{"allow":["GET"]}}],"collection":[{"href":"https:\/\/serbenidorm.daliisolutions.com\/index.php\/wp-json\/wp\/v2\/posts"}],"about":[{"href":"https:\/\/serbenidorm.daliisolutions.com\/index.php\/wp-json\/wp\/v2\/types\/post"}],"replies":[{"embeddable":true,"href":"https:\/\/serbenidorm.daliisolutions.com\/index.php\/wp-json\/wp\/v2\/comments?post=3394"}],"version-history":[{"count":0,"href":"https:\/\/serbenidorm.daliisolutions.com\/index.php\/wp-json\/wp\/v2\/posts\/3394\/revisions"}],"wp:featuredmedia":[{"embeddable":true,"href":"https:\/\/serbenidorm.daliisolutions.com\/index.php\/wp-json\/wp\/v2\/media\/3395"}],"wp:attachment":[{"href":"https:\/\/serbenidorm.daliisolutions.com\/index.php\/wp-json\/wp\/v2\/media?parent=3394"}],"wp:term":[{"taxonomy":"category","embeddable":true,"href":"https:\/\/serbenidorm.daliisolutions.com\/index.php\/wp-json\/wp\/v2\/categories?post=3394"},{"taxonomy":"post_tag","embeddable":true,"href":"https:\/\/serbenidorm.daliisolutions.com\/index.php\/wp-json\/wp\/v2\/tags?post=3394"}],"curies":[{"name":"wp","href":"https:\/\/api.w.org\/{rel}","templated":true}]}}