{"id":3396,"date":"2024-03-22T14:47:58","date_gmt":"2024-03-22T13:47:58","guid":{"rendered":"https:\/\/serbenidorm.daliisolutions.com\/index.php\/2024\/03\/22\/el-benidorm-lider-visita-al-crevillent-deportivo-segundo-en-un-choque-de-alto-voltaje\/"},"modified":"2024-03-22T14:47:58","modified_gmt":"2024-03-22T13:47:58","slug":"el-benidorm-lider-visita-al-crevillent-deportivo-segundo-en-un-choque-de-alto-voltaje","status":"publish","type":"post","link":"https:\/\/serbenidorm.daliisolutions.com\/index.php\/2024\/03\/22\/el-benidorm-lider-visita-al-crevillent-deportivo-segundo-en-un-choque-de-alto-voltaje\/","title":{"rendered":"El Benidorm, l\u00edder, visita al Crevillent Deportivo, segundo, en un choque de alto voltaje"},"content":{"rendered":"  <p>Benidorm<\/p>   <p>El <a href=\"https:\/\/cadenaser.com\/tag\/club_futbol_benidorm\/a\/\" target=\"_blank\" rel=\"noopener\">C.F. Benidorm<\/a> es l\u00edder de la clasificaci\u00f3n con 14 puntos de ventaja (y un partido menos) sobre el Crevillent Deportivo cuando s\u00f3lo quedan 21 puntos en juego, por lo que el enfrentamiento directo entre los dos equipos que se disputar\u00e1 este domingo (18:00 horas) en el Enrique Miralles podr\u00eda dejar al conjunto visitante con el campeonato liguero y, con \u00e9l, el ascenso m\u00e1s que amarrado.<\/p>   <p>Los locales est\u00e1n atravesando un momento muy dulce de forma despu\u00e9s de haber encadenado seis partidos sin perder (cinco victorias y un empate) y ha sido uno de los pocos equipos que en la presente edici\u00f3n de la Lliga Comunitat no ha hincado la rodilla frente al l\u00edder tras empatar a tres goles en su visita al Guillermo Amor en la primera vuelta.<\/p>  <p><p>M\u00e1s informaci\u00f3n<\/p><figure><img decoding=\"async\" src=\"https:\/\/cadenaser.com\/resizer\/pEgZ21ThrGNVQl2GE3tdtLZnuVs=\/650x366\/filters:quality(70)\/cloudfront-eu-central-1.images.arcpublishing.com\/prisaradio\/D6F2RQSWIFBDZPY6HYKQLNUSDU.jpg\" loading=\"lazy\" width=\"828\" height=\"621\" \/><\/figure><ul><li><a href=\"https:\/\/cadenaser.com\/tag\/club_futbol_benidorm\/a\/\">Todas las noticias del C.F. Benidorm<\/a><\/li><\/ul><\/p>   <p>Los benidormenses, por su parte, s\u00f3lo han perdido un partido en toda la temporada (el de la segunda jornada ante L\u2019Olleria) y domina con mano de hierro una competici\u00f3n que inici\u00f3 como favorito y en la que se ha encargado, semana a semana, de confirmar esos pron\u00f3sticos apuntados ya en pretemporada.<\/p>   <p>Este ser\u00e1, por lo tanto, un partido de alt\u00edsimo voltaje ya que, en caso de conseguir sumar los tres puntos, el C.F. Benidorm dejar\u00eda el ascenso directo, reservado \u00fanicamente al campe\u00f3n de Liga, visto para sentencia.<\/p>   <p><b>La Nuc\u00eda recibe al Valencia-Mestalla<\/b><\/p>   <p>En lo que a la Segunda RFEF se refiere, La Nuc\u00eda recibe este domingo (18:00 horas) en el Camilo Cano al Valencia Mestalla en un partido relativamente intrascendente para un equipo que ya s\u00f3lo aspira a maquillar su temporada sumando, en lo que queda de la misma, el mayor n\u00famero de puntos posible antes de verse abocado a un descenso que parece inevitable y, en todo caso, salvar el a\u00f1o sin ser el colista al final del mismo.<\/p> ","protected":false},"excerpt":{"rendered":"<p>Los de Miguel \u00c1ngel Mart\u00ednez podr\u00edan dejar pr\u00e1cticamente sentenciada la competici\u00f3n este domingo<\/p>\n","protected":false},"author":0,"featured_media":3397,"comment_status":"open","ping_status":"open","sticky":false,"template":"","format":"standard","meta":{"_acf_changed":false,"footnotes":""},"categories":[16],"tags":[],"class_list":["post-3396","post","type-post","status-publish","format-standard","has-post-thumbnail","hentry","category-deportes"],"acf":{"ser_id":"YV4RONPP3JBBRFDILVW2G4BWPY","ser_url":"https:\/\/cadenaser.com\/comunitat-valenciana\/2024\/03\/22\/el-benidorm-lider-visita-al-crevillent-deportivo-segundo-en-un-choque-de-alto-voltaje-radio-benidorm\/"},"_links":{"self":[{"href":"https:\/\/serbenidorm.daliisolutions.com\/index.php\/wp-json\/wp\/v2\/posts\/3396","targetHints":{"allow":["GET"]}}],"collection":[{"href":"https:\/\/serbenidorm.daliisolutions.com\/index.php\/wp-json\/wp\/v2\/posts"}],"about":[{"href":"https:\/\/serbenidorm.daliisolutions.com\/index.php\/wp-json\/wp\/v2\/types\/post"}],"replies":[{"embeddable":true,"href":"https:\/\/serbenidorm.daliisolutions.com\/index.php\/wp-json\/wp\/v2\/comments?post=3396"}],"version-history":[{"count":0,"href":"https:\/\/serbenidorm.daliisolutions.com\/index.php\/wp-json\/wp\/v2\/posts\/3396\/revisions"}],"wp:featuredmedia":[{"embeddable":true,"href":"https:\/\/serbenidorm.daliisolutions.com\/index.php\/wp-json\/wp\/v2\/media\/3397"}],"wp:attachment":[{"href":"https:\/\/serbenidorm.daliisolutions.com\/index.php\/wp-json\/wp\/v2\/media?parent=3396"}],"wp:term":[{"taxonomy":"category","embeddable":true,"href":"https:\/\/serbenidorm.daliisolutions.com\/index.php\/wp-json\/wp\/v2\/categories?post=3396"},{"taxonomy":"post_tag","embeddable":true,"href":"https:\/\/serbenidorm.daliisolutions.com\/index.php\/wp-json\/wp\/v2\/tags?post=3396"}],"curies":[{"name":"wp","href":"https:\/\/api.w.org\/{rel}","templated":true}]}}