{"id":3398,"date":"2024-03-22T14:48:00","date_gmt":"2024-03-22T13:48:00","guid":{"rendered":"https:\/\/serbenidorm.daliisolutions.com\/index.php\/2024\/03\/22\/el-huesitos-la-vila-se-juega-buena-parte-de-sus-opciones-de-ascenso-en-el-pantano\/"},"modified":"2024-03-22T14:48:00","modified_gmt":"2024-03-22T13:48:00","slug":"el-huesitos-la-vila-se-juega-buena-parte-de-sus-opciones-de-ascenso-en-el-pantano","status":"publish","type":"post","link":"https:\/\/serbenidorm.daliisolutions.com\/index.php\/2024\/03\/22\/el-huesitos-la-vila-se-juega-buena-parte-de-sus-opciones-de-ascenso-en-el-pantano\/","title":{"rendered":"El Huesitos-La Vila se juega buena parte de sus opciones de ascenso en El Pantano"},"content":{"rendered":"  <p>Benidorm<\/p>   <p>El endiablado sistema de competici\u00f3n de la Divisi\u00f3n de Honor B del rugby espa\u00f1ol, con esa fase regular y la actual fase \u00e9lite disput\u00e1ndose en formato de liguilla a una sola vuelta ha querido que el <a href=\"https:\/\/cadenaser.com\/tag\/club_rugby_la_vila\/a\/\" target=\"_blank\" rel=\"noopener\">Huesitos-La Vila<\/a> se juegue este domingo (12:00 horas) en el Estadio del Pantano buena parte de sus opciones de aspirar al ascenso a la m\u00e1xima categor\u00eda al final de la presente campa\u00f1a.<\/p>   <p>Los de Hern\u00e1n Quirelli son cuartos y, por lo tanto, el \u00faltimo de los equipos que, a d\u00eda de hoy, acceder\u00edan a ese play-off final por ascender y reciben en su casa al Sant Cugat, quinto clasificado y, por lo tanto, principal amenaza para sus aspiraciones, con s\u00f3lo dos puntos menos que los vileros.<\/p>  <p><p>M\u00e1s informaci\u00f3n<\/p><figure><img decoding=\"async\" src=\"https:\/\/cadenaser.com\/resizer\/Gpqr44uCGciAXIBdhGxLu3LtPHI=\/650x366\/filters:quality(70)\/cloudfront-eu-central-1.images.arcpublishing.com\/prisaradio\/L37O5DVFB5HJTPAMJ4DER6OZRY.jpg\" loading=\"lazy\" width=\"828\" height=\"621\" \/><\/figure><ul><li><a href=\"https:\/\/cadenaser.com\/comunitat-valenciana\/2024\/03\/21\/la-vila-acoge-este-sabado-la-reunion-de-la-junta-directiva-del-rugby-playa-europeo-radio-benidorm\/\">La Vila acoge este s\u00e1bado la reuni\u00f3n de la Junta Directiva del rugby playa europeo<\/a><\/li><\/ul><\/p>   <p>El XV de La Vila afronta el partido, eso s\u00ed, con dos bajas muy sensibles: la de su entrenador y la de Gonzalo Paul\u00edn, ambos cumpliendo sanci\u00f3n tras su expulsi\u00f3n en <a href=\"https:\/\/cadenaser.com\/comunitat-valenciana\/2024\/03\/10\/el-huesitos-la-vila-cae-por-la-minima-pero-sigue-en-puestos-de-ascenso-radio-benidorm\/\" target=\"_blank\" rel=\"noopener\">el intenso partido de la pasada jornada ante el Industriales Las Rozas<\/a>. A esas dos ausencias hay que sumar las de los lesionados Rocco, Leandro, Juan Ignacio, Leo y Reverso.<\/p>   <p>En la fase regular, el Huesitos-La Vila y el Sant Cugat ya se vieron las caras con victoria, en aquella ocasi\u00f3n, de los vileros (entonces visitantes) por 19-27, lo que hace que la moral del cuadro local, pese a las ya comentadas bajas, est\u00e9 por las nubes ante la posibilidad de dar un importante golpe sobre el tablero del ascenso.<\/p> ","protected":false},"excerpt":{"rendered":"<p>El XV chocolatero recibe este domingo al Sant Cugat, principal amenaza para la cuarta posici\u00f3n vilera<\/p>\n","protected":false},"author":0,"featured_media":3399,"comment_status":"open","ping_status":"open","sticky":false,"template":"","format":"standard","meta":{"_acf_changed":false,"footnotes":""},"categories":[16],"tags":[],"class_list":["post-3398","post","type-post","status-publish","format-standard","has-post-thumbnail","hentry","category-deportes"],"acf":{"ser_id":"UI45CICSJFBVTDNYYBRF6F3C64","ser_url":"https:\/\/cadenaser.com\/comunitat-valenciana\/2024\/03\/22\/el-huesitos-la-vila-se-juega-buena-parte-de-sus-opciones-de-ascenso-en-el-pantano-radio-benidorm\/"},"_links":{"self":[{"href":"https:\/\/serbenidorm.daliisolutions.com\/index.php\/wp-json\/wp\/v2\/posts\/3398","targetHints":{"allow":["GET"]}}],"collection":[{"href":"https:\/\/serbenidorm.daliisolutions.com\/index.php\/wp-json\/wp\/v2\/posts"}],"about":[{"href":"https:\/\/serbenidorm.daliisolutions.com\/index.php\/wp-json\/wp\/v2\/types\/post"}],"replies":[{"embeddable":true,"href":"https:\/\/serbenidorm.daliisolutions.com\/index.php\/wp-json\/wp\/v2\/comments?post=3398"}],"version-history":[{"count":0,"href":"https:\/\/serbenidorm.daliisolutions.com\/index.php\/wp-json\/wp\/v2\/posts\/3398\/revisions"}],"wp:featuredmedia":[{"embeddable":true,"href":"https:\/\/serbenidorm.daliisolutions.com\/index.php\/wp-json\/wp\/v2\/media\/3399"}],"wp:attachment":[{"href":"https:\/\/serbenidorm.daliisolutions.com\/index.php\/wp-json\/wp\/v2\/media?parent=3398"}],"wp:term":[{"taxonomy":"category","embeddable":true,"href":"https:\/\/serbenidorm.daliisolutions.com\/index.php\/wp-json\/wp\/v2\/categories?post=3398"},{"taxonomy":"post_tag","embeddable":true,"href":"https:\/\/serbenidorm.daliisolutions.com\/index.php\/wp-json\/wp\/v2\/tags?post=3398"}],"curies":[{"name":"wp","href":"https:\/\/api.w.org\/{rel}","templated":true}]}}