{"id":3400,"date":"2024-03-22T14:48:02","date_gmt":"2024-03-22T13:48:02","guid":{"rendered":"https:\/\/serbenidorm.daliisolutions.com\/index.php\/2024\/03\/22\/el-tm-benidorm-recibe-al-barca-sin-presion-y-dispuesto-a-dar-la-campanada\/"},"modified":"2024-03-22T14:48:02","modified_gmt":"2024-03-22T13:48:02","slug":"el-tm-benidorm-recibe-al-barca-sin-presion-y-dispuesto-a-dar-la-campanada","status":"publish","type":"post","link":"https:\/\/serbenidorm.daliisolutions.com\/index.php\/2024\/03\/22\/el-tm-benidorm-recibe-al-barca-sin-presion-y-dispuesto-a-dar-la-campanada\/","title":{"rendered":"El TM Benidorm recibe al Bar\u00e7a sin presi\u00f3n y dispuesto a dar la campanada"},"content":{"rendered":"  <p>Benidorm<\/p>   <p>Este s\u00e1bado (19:00 horas) <a href=\"https:\/\/cadenaser.com\/comunitat-valenciana\/2024\/03\/13\/las-entradas-para-la-visita-del-barca-al-tm-benidorm-vuelan-radio-benidorm\/\" target=\"_blank\" rel=\"noopener\">el p\u00fablico volver\u00e1 a llenar las gradas del Palau d\u2019Esports l\u2019Illa de Benidorm<\/a> para disfrutar del duelo que enfrentar\u00e1 al <a href=\"https:\/\/cadenaser.com\/tag\/club_balonmano_benidorm\/a\/\" target=\"_blank\" rel=\"noopener\">TM Benidorm<\/a> y al mejor equipo de balonmano del mundo, el Bar\u00e7a, en el choque correspondiente a la 22\u00aa jornada de la Liga Asobal y en el que los de Sergio Carballeira, sin apenas presi\u00f3n ante un rival de tant\u00edsima entidad, tratar\u00e1n de dar la que ser\u00eda, sin ninguna duda, la gran campanada no s\u00f3lo de la jornada o de la temporada, sino, seguramente, de la d\u00e9cada.<\/p>   <p>El conjunto cul\u00e9 no ha perdido ni un solo partido en Liga Asobal desde la campa\u00f1a 2017-2018 (salvo uno que se dio por perdido por alineaci\u00f3n indebida en la 21-22) y es, por lo tanto, el clar\u00edsimo dominador del balonmano nacional. Pese a ello, los choques entre benidormenses y barcelonistas han dejado partidos muy intensos en el pasado y siempre existe la ilusi\u00f3n de poder dar la gran campanada en una de esas visitas.<\/p>  <p><p>M\u00e1s informaci\u00f3n<\/p><figure><img decoding=\"async\" src=\"https:\/\/cadenaser.com\/resizer\/TE76IHYDexlivRq6rjSoRHBsqLQ=\/650x366\/filters:quality(70)\/cloudfront-eu-central-1.images.arcpublishing.com\/prisaradio\/57JFFIDXJNFEJMAS7ZWQSPAXTA.jpeg\" loading=\"lazy\" width=\"828\" height=\"621\" \/><\/figure><ul><li><a href=\"https:\/\/cadenaser.com\/tag\/club_balonmano_benidorm\/a\/\">Todas las noticias del TM Benidorm<\/a><\/li><\/ul><\/p>   <p>Los precedentes m\u00e1s inmediatos son, adem\u00e1s, muy positivos. El TM Benidorm empat\u00f3, en la \u00faltima jornada disputada, ante el Bidasoa Ir\u00fan en casa del conjunto irundarra siendo el \u00fanico equipo, adem\u00e1s del Bar\u00e7a (que tambi\u00e9n empat\u00f3 por el mismo marcador de 26-26), que no ha salido derrotado de Artaleku.<\/p>   <p>M\u00e1s atr\u00e1s en el tiempo, en la primera vuelta, el TM Benidorm protagoniz\u00f3 <a href=\"https:\/\/cadenaser.com\/comunitat-valenciana\/2023\/10\/23\/el-tm-benidorm-cae-en-el-palau-blaugrana-a-la-vez-que-recupera-buenas-sensaciones-radio-benidorm\/\" target=\"_blank\" rel=\"noopener\">un grand\u00edsimo partido en el Palau Blaugrana<\/a> cayendo por s\u00f3lo tres goles de diferencia. Adem\u00e1s, este mismo mi\u00e9rcoles, el conjunto de Sergio Carballeira <a href=\"https:\/\/cadenaser.com\/comunitat-valenciana\/2024\/03\/21\/el-tm-benidorm-se-impone-en-ibiza-y-ya-esta-en-tercera-ronda-de-copa-del-rey-radio-benidorm\/\" target=\"_blank\" rel=\"noopener\">ha conseguido el pase a la tercera ronda de la Copa del Rey tras imponerse al Ibiza<\/a>.<\/p> ","protected":false},"excerpt":{"rendered":"<p>El empate ante Bidasoa Ir\u00fan y el buen partido de primera vuelta en el Palau Blaugrana son buenos presagios ante el mejor equipo del mundo<\/p>\n","protected":false},"author":0,"featured_media":3401,"comment_status":"open","ping_status":"open","sticky":false,"template":"","format":"standard","meta":{"_acf_changed":false,"footnotes":""},"categories":[16],"tags":[],"class_list":["post-3400","post","type-post","status-publish","format-standard","has-post-thumbnail","hentry","category-deportes"],"acf":{"ser_id":"Z3HBCCIGAFET5EROL6MP7XX264","ser_url":"https:\/\/cadenaser.com\/comunitat-valenciana\/2024\/03\/22\/el-tm-benidorm-recibe-al-barca-sin-presion-y-dispuesto-a-dar-la-campanada-radio-benidorm\/"},"_links":{"self":[{"href":"https:\/\/serbenidorm.daliisolutions.com\/index.php\/wp-json\/wp\/v2\/posts\/3400","targetHints":{"allow":["GET"]}}],"collection":[{"href":"https:\/\/serbenidorm.daliisolutions.com\/index.php\/wp-json\/wp\/v2\/posts"}],"about":[{"href":"https:\/\/serbenidorm.daliisolutions.com\/index.php\/wp-json\/wp\/v2\/types\/post"}],"replies":[{"embeddable":true,"href":"https:\/\/serbenidorm.daliisolutions.com\/index.php\/wp-json\/wp\/v2\/comments?post=3400"}],"version-history":[{"count":0,"href":"https:\/\/serbenidorm.daliisolutions.com\/index.php\/wp-json\/wp\/v2\/posts\/3400\/revisions"}],"wp:featuredmedia":[{"embeddable":true,"href":"https:\/\/serbenidorm.daliisolutions.com\/index.php\/wp-json\/wp\/v2\/media\/3401"}],"wp:attachment":[{"href":"https:\/\/serbenidorm.daliisolutions.com\/index.php\/wp-json\/wp\/v2\/media?parent=3400"}],"wp:term":[{"taxonomy":"category","embeddable":true,"href":"https:\/\/serbenidorm.daliisolutions.com\/index.php\/wp-json\/wp\/v2\/categories?post=3400"},{"taxonomy":"post_tag","embeddable":true,"href":"https:\/\/serbenidorm.daliisolutions.com\/index.php\/wp-json\/wp\/v2\/tags?post=3400"}],"curies":[{"name":"wp","href":"https:\/\/api.w.org\/{rel}","templated":true}]}}