{"id":3402,"date":"2024-03-22T14:48:04","date_gmt":"2024-03-22T13:48:04","guid":{"rendered":"https:\/\/serbenidorm.daliisolutions.com\/index.php\/2024\/03\/22\/el-moralet-acoge-este-sabado-el-cross-escolar\/"},"modified":"2024-03-22T14:48:04","modified_gmt":"2024-03-22T13:48:04","slug":"el-moralet-acoge-este-sabado-el-cross-escolar","status":"publish","type":"post","link":"https:\/\/serbenidorm.daliisolutions.com\/index.php\/2024\/03\/22\/el-moralet-acoge-este-sabado-el-cross-escolar\/","title":{"rendered":"El Moralet acoge este s\u00e1bado el Cross Escolar"},"content":{"rendered":"  <p>Benidorm<\/p>   <p>El parque de El Moralet acoger\u00e1 este s\u00e1bado, a partir de las 9:30 horas, una nueva edici\u00f3n, la vig\u00e9simo s\u00e9ptima, del Campeonato Local Escolar de campo a trav\u00e9s, una de las citas con m\u00e1s solera del calendario anual del deporte base.<\/p>   <p>Organizado por la concejal\u00eda de Deportes de Benidorm y el Club de Atletismo de la ciudad, este multitudinario evento deportivo arrancar\u00e1 a las nueve y media de la ma\u00f1ana con la carrera para la categor\u00eda alev\u00edn masculina (sexto de Primaria) sobre una distancia de 875 metros, la misma que deber\u00e1n recorrer, s\u00f3lo 15 minutos m\u00e1s tarde, las chicas de esa misma edad.<\/p>   <p>Posteriormente, y siempre en intervalos de 15 minutos, se ir\u00e1n dando las salidas a las carreras para las categor\u00edas Benjam\u00edn (610 metros) y Prebenjam\u00edn (300 metros).<\/p>   <p>En esta ocasi\u00f3n, se espera la participaci\u00f3n de cerca de 600 j\u00f3venes atletas para los que, una vez finalizadas todas las carreras, se proceder\u00e1 a la entrega de trofeos y medallas tanto en su vertiente individual como por equipos.<\/p> ","protected":false},"excerpt":{"rendered":"<p>Se trata, con 26 ediciones ya celebradas, de una de las citas deportivas escolares con m\u00e1s solera de Benidorm<\/p>\n","protected":false},"author":0,"featured_media":3403,"comment_status":"open","ping_status":"open","sticky":false,"template":"","format":"standard","meta":{"_acf_changed":false,"footnotes":""},"categories":[16],"tags":[],"class_list":["post-3402","post","type-post","status-publish","format-standard","has-post-thumbnail","hentry","category-deportes"],"acf":{"ser_id":"EYJ6EOL6KRGKJGEVJ42CWJLH3A","ser_url":"https:\/\/cadenaser.com\/comunitat-valenciana\/2024\/03\/21\/el-moralet-acoge-este-sabado-el-cross-escolar-radio-benidorm\/"},"_links":{"self":[{"href":"https:\/\/serbenidorm.daliisolutions.com\/index.php\/wp-json\/wp\/v2\/posts\/3402","targetHints":{"allow":["GET"]}}],"collection":[{"href":"https:\/\/serbenidorm.daliisolutions.com\/index.php\/wp-json\/wp\/v2\/posts"}],"about":[{"href":"https:\/\/serbenidorm.daliisolutions.com\/index.php\/wp-json\/wp\/v2\/types\/post"}],"replies":[{"embeddable":true,"href":"https:\/\/serbenidorm.daliisolutions.com\/index.php\/wp-json\/wp\/v2\/comments?post=3402"}],"version-history":[{"count":0,"href":"https:\/\/serbenidorm.daliisolutions.com\/index.php\/wp-json\/wp\/v2\/posts\/3402\/revisions"}],"wp:featuredmedia":[{"embeddable":true,"href":"https:\/\/serbenidorm.daliisolutions.com\/index.php\/wp-json\/wp\/v2\/media\/3403"}],"wp:attachment":[{"href":"https:\/\/serbenidorm.daliisolutions.com\/index.php\/wp-json\/wp\/v2\/media?parent=3402"}],"wp:term":[{"taxonomy":"category","embeddable":true,"href":"https:\/\/serbenidorm.daliisolutions.com\/index.php\/wp-json\/wp\/v2\/categories?post=3402"},{"taxonomy":"post_tag","embeddable":true,"href":"https:\/\/serbenidorm.daliisolutions.com\/index.php\/wp-json\/wp\/v2\/tags?post=3402"}],"curies":[{"name":"wp","href":"https:\/\/api.w.org\/{rel}","templated":true}]}}