{"id":3404,"date":"2024-03-22T14:48:06","date_gmt":"2024-03-22T13:48:06","guid":{"rendered":"https:\/\/serbenidorm.daliisolutions.com\/index.php\/2024\/03\/22\/el-tm-benidorm-se-impone-en-ibiza-y-ya-esta-en-tercera-ronda-de-copa-del-rey\/"},"modified":"2024-03-22T14:48:06","modified_gmt":"2024-03-22T13:48:06","slug":"el-tm-benidorm-se-impone-en-ibiza-y-ya-esta-en-tercera-ronda-de-copa-del-rey","status":"publish","type":"post","link":"https:\/\/serbenidorm.daliisolutions.com\/index.php\/2024\/03\/22\/el-tm-benidorm-se-impone-en-ibiza-y-ya-esta-en-tercera-ronda-de-copa-del-rey\/","title":{"rendered":"El TM Benidorm se impone en Ibiza y ya est\u00e1 en tercera ronda de Copa del Rey"},"content":{"rendered":"  <p>Benidorm<\/p>   <p>El <a href=\"https:\/\/cadenaser.com\/tag\/club_balonmano_benidorm\/a\/\" target=\"_blank\" rel=\"noopener\">TM Benidorm<\/a> no tuvo grandes problemas para imponerse al BM Ibiza en el partido correspondiente a la segunda ronda de la <a href=\"https:\/\/cadenaser.com\/tag\/copa_rey_balonmano\/a\/\" target=\"_blank\" rel=\"noopener\">Copa del Rey<\/a> y obtener, de esta manera, el pase a la tercera ronda, de la que saldr\u00e1n los equipos que disputar\u00e1n la fase final del torneo del KO, uno de los grandes objetivos de la entidad del Palau d\u2019Esports para la presente temporada.<\/p>   <p>Los de Sergio Carballeira solventaron su enfrentamiento con el conjunto balear por 26-29 encarril\u00e1ndolo en la primera mitad, y\u00e9ndose al descanso con una ventaja de cinco goles (11-16) que en la segunda mitad se dedicaron a administrar sin que, pese a lo aparentemente apretado del resultado final, peligrara la victoria en ning\u00fan momento.<\/p>  <p><p>M\u00e1s informaci\u00f3n<\/p><figure><img decoding=\"async\" src=\"https:\/\/cadenaser.com\/resizer\/tqoV24rtkk3_Y16KXkJqwSc9VAc=\/650x366\/filters:quality(70)\/cloudfront-eu-central-1.images.arcpublishing.com\/prisaradio\/6SSS3K4UNBGLLLBHUKUPS74RUQ.JPG\" loading=\"lazy\" width=\"828\" height=\"621\" \/><\/figure><ul><li><a href=\"https:\/\/cadenaser.com\/comunitat-valenciana\/2023\/09\/05\/todos-los-partidos-los-horarios-y-los-resultados-del-tm-benidorm-2023-2024-radio-benidorm\/\">Todos los partidos, los horarios y los resultados del TM Benidorm 2023-2024<\/a><\/li><\/ul><\/p>   <p>Ahora, el TM Benidorm volver\u00e1 a centrarse en la <a href=\"https:\/\/cadenaser.com\/tag\/liga_asobal\/a\/\" target=\"_blank\" rel=\"noopener\">Liga Asobal<\/a>, en la que este s\u00e1bado (19:00 horas) recibe al Bar\u00e7a en un partido en el que los blaugrana, que no han perdido un solo partido en la competici\u00f3n dom\u00e9stica desde hace a\u00f1os, parten como claros favoritos, pero en el que los locales no renuncian a poder dar la gran sorpresa tras <a href=\"https:\/\/cadenaser.com\/comunitat-valenciana\/2024\/03\/10\/el-tm-benidorm-da-una-sorpresa-agridulce-en-irun-radio-benidorm\/\" target=\"_blank\" rel=\"noopener\">la buena imagen dada en Ir\u00fan<\/a> y lo visto en <a href=\"https:\/\/cadenaser.com\/comunitat-valenciana\/2023\/10\/23\/el-tm-benidorm-cae-en-el-palau-blaugrana-a-la-vez-que-recupera-buenas-sensaciones-radio-benidorm\/\" target=\"_blank\" rel=\"noopener\">el choque de primera vuelta celebrado en la Ciudad Condal<\/a>.<\/p>   <p>En lo que respecta a la Copa del Rey, el TM Benidorm espera ya rival para la tercera ronda, que tambi\u00e9n se disputar\u00e1 a partido \u00fanico y, con toda probabilidad, en el Palau d\u2019Esports.<\/p> ","protected":false},"excerpt":{"rendered":"<p>La pr\u00f3xima eliminatoria, tambi\u00e9n a partido \u00fanico, decidir\u00e1 los equipos que pasan a la fase final del torneo del KO<\/p>\n","protected":false},"author":0,"featured_media":3405,"comment_status":"open","ping_status":"open","sticky":false,"template":"","format":"standard","meta":{"_acf_changed":false,"footnotes":""},"categories":[16],"tags":[],"class_list":["post-3404","post","type-post","status-publish","format-standard","has-post-thumbnail","hentry","category-deportes"],"acf":{"ser_id":"GVNGHU7JB5FU7INFPEAJGHRBCM","ser_url":"https:\/\/cadenaser.com\/comunitat-valenciana\/2024\/03\/21\/el-tm-benidorm-se-impone-en-ibiza-y-ya-esta-en-tercera-ronda-de-copa-del-rey-radio-benidorm\/"},"_links":{"self":[{"href":"https:\/\/serbenidorm.daliisolutions.com\/index.php\/wp-json\/wp\/v2\/posts\/3404","targetHints":{"allow":["GET"]}}],"collection":[{"href":"https:\/\/serbenidorm.daliisolutions.com\/index.php\/wp-json\/wp\/v2\/posts"}],"about":[{"href":"https:\/\/serbenidorm.daliisolutions.com\/index.php\/wp-json\/wp\/v2\/types\/post"}],"replies":[{"embeddable":true,"href":"https:\/\/serbenidorm.daliisolutions.com\/index.php\/wp-json\/wp\/v2\/comments?post=3404"}],"version-history":[{"count":0,"href":"https:\/\/serbenidorm.daliisolutions.com\/index.php\/wp-json\/wp\/v2\/posts\/3404\/revisions"}],"wp:featuredmedia":[{"embeddable":true,"href":"https:\/\/serbenidorm.daliisolutions.com\/index.php\/wp-json\/wp\/v2\/media\/3405"}],"wp:attachment":[{"href":"https:\/\/serbenidorm.daliisolutions.com\/index.php\/wp-json\/wp\/v2\/media?parent=3404"}],"wp:term":[{"taxonomy":"category","embeddable":true,"href":"https:\/\/serbenidorm.daliisolutions.com\/index.php\/wp-json\/wp\/v2\/categories?post=3404"},{"taxonomy":"post_tag","embeddable":true,"href":"https:\/\/serbenidorm.daliisolutions.com\/index.php\/wp-json\/wp\/v2\/tags?post=3404"}],"curies":[{"name":"wp","href":"https:\/\/api.w.org\/{rel}","templated":true}]}}