{"id":3406,"date":"2024-03-22T14:48:09","date_gmt":"2024-03-22T13:48:09","guid":{"rendered":"https:\/\/serbenidorm.daliisolutions.com\/index.php\/2024\/03\/22\/la-vila-acoge-este-sabado-la-reunion-de-la-junta-directiva-del-rugby-playa-europeo\/"},"modified":"2024-03-22T14:48:09","modified_gmt":"2024-03-22T13:48:09","slug":"la-vila-acoge-este-sabado-la-reunion-de-la-junta-directiva-del-rugby-playa-europeo","status":"publish","type":"post","link":"https:\/\/serbenidorm.daliisolutions.com\/index.php\/2024\/03\/22\/la-vila-acoge-este-sabado-la-reunion-de-la-junta-directiva-del-rugby-playa-europeo\/","title":{"rendered":"La Vila acoge este s\u00e1bado la reuni\u00f3n de la Junta Directiva del rugby playa europeo"},"content":{"rendered":"  <p>Benidorm<\/p>   <p>La European Beach Rugby Association (EBRA) ha elegido la localidad de La Vila Joiosa para celebrar este s\u00e1bado, 23 de marzo, la reuni\u00f3n presencial de su Junta Directiva para tratar, entre otros asuntos, la organizaci\u00f3n de la pr\u00f3xima edici\u00f3n de las EBRA Series, los siete torneos que el pr\u00f3ximo verano, entre los meses de junio y julio, recorrer\u00e1 distintos arenales de seis pa\u00edses europeos.<\/p>   <p>Una de las playas que acoger\u00e1n las citas de las EBRA Series ser\u00e1, precisamente, la playa Centro de La Vila Joiosa, que ser\u00e1 el escenario de la quinta puntuable que tendr\u00e1 lugar los d\u00edas 6 y 7 de julio bajo el nombre de Costa Blanca Beach Rugby.<\/p>   <p>Este ser\u00e1 el segundo a\u00f1o consecutivo en el que La Vila Joiosa acoger\u00e1 una de estas citas veraniegas. En concreto, las EBRA Series arrancar\u00e1n el fin de semana del 8 y 9 de junio en La Canea, localidad griega ubicada en la isla de Creta. Desde all\u00ed, el circuito saltar\u00e1 hasta Roma el d\u00eda 15 de junio antes de poner rumbo a La Haya (Pa\u00edses Bajos) los d\u00edas 22 y 23 de junio con el North Sea Beach Rugby y volver a Italia, en este caso a la playa de Lignano, los d\u00edas 29 y 30 de junio.<\/p>   <p>Tras esa segunda parada en el pa\u00eds transalpino, llegar\u00e1 el momento de recalar en la playa Centro de La Vila Joiosa camino de Marsella, donde las EBRA Series recalar\u00e1n el 13 y 14 de julio antes de disputar su gran final en Oporto (Portugal) los d\u00edas 20 y 21 de julio.<\/p> ","protected":false},"excerpt":{"rendered":"<p>La localidad vilera acoger\u00e1 en el mes de julio la quinta prueba de las Series Europeas en la playa Centro<\/p>\n","protected":false},"author":0,"featured_media":3407,"comment_status":"open","ping_status":"open","sticky":false,"template":"","format":"standard","meta":{"_acf_changed":false,"footnotes":""},"categories":[16],"tags":[],"class_list":["post-3406","post","type-post","status-publish","format-standard","has-post-thumbnail","hentry","category-deportes"],"acf":{"ser_id":"IH6LIUTVJRHANACYASWC3LOFEQ","ser_url":"https:\/\/cadenaser.com\/comunitat-valenciana\/2024\/03\/21\/la-vila-acoge-este-sabado-la-reunion-de-la-junta-directiva-del-rugby-playa-europeo-radio-benidorm\/"},"_links":{"self":[{"href":"https:\/\/serbenidorm.daliisolutions.com\/index.php\/wp-json\/wp\/v2\/posts\/3406","targetHints":{"allow":["GET"]}}],"collection":[{"href":"https:\/\/serbenidorm.daliisolutions.com\/index.php\/wp-json\/wp\/v2\/posts"}],"about":[{"href":"https:\/\/serbenidorm.daliisolutions.com\/index.php\/wp-json\/wp\/v2\/types\/post"}],"replies":[{"embeddable":true,"href":"https:\/\/serbenidorm.daliisolutions.com\/index.php\/wp-json\/wp\/v2\/comments?post=3406"}],"version-history":[{"count":0,"href":"https:\/\/serbenidorm.daliisolutions.com\/index.php\/wp-json\/wp\/v2\/posts\/3406\/revisions"}],"wp:featuredmedia":[{"embeddable":true,"href":"https:\/\/serbenidorm.daliisolutions.com\/index.php\/wp-json\/wp\/v2\/media\/3407"}],"wp:attachment":[{"href":"https:\/\/serbenidorm.daliisolutions.com\/index.php\/wp-json\/wp\/v2\/media?parent=3406"}],"wp:term":[{"taxonomy":"category","embeddable":true,"href":"https:\/\/serbenidorm.daliisolutions.com\/index.php\/wp-json\/wp\/v2\/categories?post=3406"},{"taxonomy":"post_tag","embeddable":true,"href":"https:\/\/serbenidorm.daliisolutions.com\/index.php\/wp-json\/wp\/v2\/tags?post=3406"}],"curies":[{"name":"wp","href":"https:\/\/api.w.org\/{rel}","templated":true}]}}