{"id":3408,"date":"2024-03-22T14:48:11","date_gmt":"2024-03-22T13:48:11","guid":{"rendered":"https:\/\/serbenidorm.daliisolutions.com\/index.php\/2024\/03\/22\/eva-maria-naranjo-una-pentacampeona-del-mundo-que-forja-a-las-nuevas-estrellas\/"},"modified":"2024-03-22T14:48:11","modified_gmt":"2024-03-22T13:48:11","slug":"eva-maria-naranjo-una-pentacampeona-del-mundo-que-forja-a-las-nuevas-estrellas","status":"publish","type":"post","link":"https:\/\/serbenidorm.daliisolutions.com\/index.php\/2024\/03\/22\/eva-maria-naranjo-una-pentacampeona-del-mundo-que-forja-a-las-nuevas-estrellas\/","title":{"rendered":"Eva Mar\u00eda Naranjo, una pentacampeona del mundo que forja a las nuevas estrellas"},"content":{"rendered":"  <p>Benidorm<\/p>   <p>Repasar el palmar\u00e9s deportivo de Eva Mar\u00eda Naranjo es, sin lugar a dudas, observar la hoja de servicios de una de las deportistas m\u00e1s importantes y laureadas del deporte espa\u00f1ol. La ya exluchadora nuciera se proclam\u00f3, durante su etapa en activo, cinco veces campeona del mundo, pero, como ha reconocido en su paso por <a href=\"https:\/\/cadenaser.com\/radio-benidorm\/ser-deportivos-benidorm\/\" target=\"_blank\" rel=\"noopener\">SER Deportivos Marina Baixa<\/a>, su mejor momento lleg\u00f3 en una \u00e9poca en la que los deportes de contacto y, sobre todo, su vertiente femenina apenas encontraban eco fuera de los c\u00edrculos no especializados.<\/p>   <p>Ahora, Eva Mar\u00eda Naranjo se dedica en cuerpo y alma a formar a los nuevos talentos del Muay Thai desde sus dos centros de La Nuc\u00eda y Benidorm. Sus alumnos cuenta, por lo tanto, con una de las mejores deportistas de la historia como mentora, una labor que, como ha explicado hoy en Radio Benidorm, ella afronta llev\u00e1ndola m\u00e1s all\u00e1 del mero entrenamiento deportivo.<\/p>   <p>Centrada en su labor con la base, la visita de Eva Mar\u00eda Naranjo a <a href=\"https:\/\/cadenaser.com\/radio-benidorm\/ser-deportivos-benidorm\/\" target=\"_blank\" rel=\"noopener\">SER Deportivos Marina Baixa<\/a> ha servido tambi\u00e9n para conversar con ella sobre su pasado en activo, c\u00f3mo fue la transici\u00f3n de estar encima a estar al lado del ring, de sus recuerdos con el maestro Eduardo Mart\u00edn y, sobre todo, de c\u00f3mo ha cambiado la sociedad y su visi\u00f3n de los deportes de contacto en todo este tiempo.<\/p> ","protected":false},"excerpt":{"rendered":"<p>La luchadora nuciera habl\u00f3 en SER Deportivos Marina Baixa de su trabajo con la base<\/p>\n","protected":false},"author":0,"featured_media":3409,"comment_status":"open","ping_status":"open","sticky":false,"template":"","format":"standard","meta":{"_acf_changed":false,"footnotes":""},"categories":[16],"tags":[],"class_list":["post-3408","post","type-post","status-publish","format-standard","has-post-thumbnail","hentry","category-deportes"],"acf":{"ser_id":"EDTXQJQEZ5C3XAZHGCGKJLGSWA","ser_url":"https:\/\/cadenaser.com\/comunitat-valenciana\/2024\/03\/20\/eva-maria-naranjo-una-pentacampeona-del-mundo-que-forja-a-las-nuevas-estrellas-radio-benidorm\/"},"_links":{"self":[{"href":"https:\/\/serbenidorm.daliisolutions.com\/index.php\/wp-json\/wp\/v2\/posts\/3408","targetHints":{"allow":["GET"]}}],"collection":[{"href":"https:\/\/serbenidorm.daliisolutions.com\/index.php\/wp-json\/wp\/v2\/posts"}],"about":[{"href":"https:\/\/serbenidorm.daliisolutions.com\/index.php\/wp-json\/wp\/v2\/types\/post"}],"replies":[{"embeddable":true,"href":"https:\/\/serbenidorm.daliisolutions.com\/index.php\/wp-json\/wp\/v2\/comments?post=3408"}],"version-history":[{"count":0,"href":"https:\/\/serbenidorm.daliisolutions.com\/index.php\/wp-json\/wp\/v2\/posts\/3408\/revisions"}],"wp:featuredmedia":[{"embeddable":true,"href":"https:\/\/serbenidorm.daliisolutions.com\/index.php\/wp-json\/wp\/v2\/media\/3409"}],"wp:attachment":[{"href":"https:\/\/serbenidorm.daliisolutions.com\/index.php\/wp-json\/wp\/v2\/media?parent=3408"}],"wp:term":[{"taxonomy":"category","embeddable":true,"href":"https:\/\/serbenidorm.daliisolutions.com\/index.php\/wp-json\/wp\/v2\/categories?post=3408"},{"taxonomy":"post_tag","embeddable":true,"href":"https:\/\/serbenidorm.daliisolutions.com\/index.php\/wp-json\/wp\/v2\/tags?post=3408"}],"curies":[{"name":"wp","href":"https:\/\/api.w.org\/{rel}","templated":true}]}}