{"id":3410,"date":"2024-03-22T14:48:13","date_gmt":"2024-03-22T13:48:13","guid":{"rendered":"https:\/\/serbenidorm.daliisolutions.com\/index.php\/2024\/03\/22\/las-x-millas-de-la-costa-blanca-vuelven-el-14-de-abril\/"},"modified":"2024-03-22T14:48:13","modified_gmt":"2024-03-22T13:48:13","slug":"las-x-millas-de-la-costa-blanca-vuelven-el-14-de-abril","status":"publish","type":"post","link":"https:\/\/serbenidorm.daliisolutions.com\/index.php\/2024\/03\/22\/las-x-millas-de-la-costa-blanca-vuelven-el-14-de-abril\/","title":{"rendered":"Las X Millas de la Costa Blanca vuelven el 14 de abril"},"content":{"rendered":"  <p>Benidorm<\/p>   <p>Las X Millas de la Costa Blanca, una de las citas m\u00e1s destacadas del calendario deportivo anual de l\u2019Alf\u00e0s del Pi, volver\u00e1n a unir el polideportivo del municipio con el Faro de l\u2019Albir, en recorrido de ida y vuelta, el pr\u00f3ximo d\u00eda 14 de abril.<\/p>   <p>La prueba, popularmente conocida como \u2018Las X Millas m\u00e1s bonitas de la Costa Blanca\u2019, hace honor a ese sobrenombre con un recorrido que discurre, durante gran parte del mismo, por el coraz\u00f3n del Parc Natural de la Serra Gelada y la primera l\u00ednea de la playa de l\u2019Albir.<\/p>   <p>La salida se dar\u00e1 a las nueve de la ma\u00f1ana desde la pista de atletismo del Polideportivo Municipal para, desde all\u00ed y tras callejear por algunas de las v\u00edas m\u00e1s c\u00e9ntricas del casco urbano alfasino, enfilar el Cam\u00ed de la Mar hasta llegar a l\u2019Albir, por donde los corredores iniciar\u00e1n las subida al Faro de l\u2019Albir desde el paseo de las Estrellas y, una vez alcanzada la linterna, regresar al punto de inicio completando las diez millas o, lo que es lo mismo, poco m\u00e1s de 16 kil\u00f3metros de recorrido.<\/p> ","protected":false},"excerpt":{"rendered":"<p>La prueba cumple su 14\u00aa edici\u00f3n uniendo el polideportivo de l\u2019Alf\u00e0s del Pi y el Faro de l\u2019Albir<\/p>\n","protected":false},"author":0,"featured_media":3411,"comment_status":"open","ping_status":"open","sticky":false,"template":"","format":"standard","meta":{"_acf_changed":false,"footnotes":""},"categories":[16],"tags":[],"class_list":["post-3410","post","type-post","status-publish","format-standard","has-post-thumbnail","hentry","category-deportes"],"acf":{"ser_id":"6MTO2HJKERB7PMVA6H2QSPKVFA","ser_url":"https:\/\/cadenaser.com\/comunitat-valenciana\/2024\/03\/20\/las-x-millas-de-la-costa-blanca-vuelven-el-14-de-abril-radio-benidorm\/"},"_links":{"self":[{"href":"https:\/\/serbenidorm.daliisolutions.com\/index.php\/wp-json\/wp\/v2\/posts\/3410","targetHints":{"allow":["GET"]}}],"collection":[{"href":"https:\/\/serbenidorm.daliisolutions.com\/index.php\/wp-json\/wp\/v2\/posts"}],"about":[{"href":"https:\/\/serbenidorm.daliisolutions.com\/index.php\/wp-json\/wp\/v2\/types\/post"}],"replies":[{"embeddable":true,"href":"https:\/\/serbenidorm.daliisolutions.com\/index.php\/wp-json\/wp\/v2\/comments?post=3410"}],"version-history":[{"count":0,"href":"https:\/\/serbenidorm.daliisolutions.com\/index.php\/wp-json\/wp\/v2\/posts\/3410\/revisions"}],"wp:featuredmedia":[{"embeddable":true,"href":"https:\/\/serbenidorm.daliisolutions.com\/index.php\/wp-json\/wp\/v2\/media\/3411"}],"wp:attachment":[{"href":"https:\/\/serbenidorm.daliisolutions.com\/index.php\/wp-json\/wp\/v2\/media?parent=3410"}],"wp:term":[{"taxonomy":"category","embeddable":true,"href":"https:\/\/serbenidorm.daliisolutions.com\/index.php\/wp-json\/wp\/v2\/categories?post=3410"},{"taxonomy":"post_tag","embeddable":true,"href":"https:\/\/serbenidorm.daliisolutions.com\/index.php\/wp-json\/wp\/v2\/tags?post=3410"}],"curies":[{"name":"wp","href":"https:\/\/api.w.org\/{rel}","templated":true}]}}