{"id":3412,"date":"2024-03-22T14:48:16","date_gmt":"2024-03-22T13:48:16","guid":{"rendered":"https:\/\/serbenidorm.daliisolutions.com\/index.php\/2024\/03\/22\/felipe-orts-sigue-progresando-en-su-conversion-biker\/"},"modified":"2024-03-22T14:48:16","modified_gmt":"2024-03-22T13:48:16","slug":"felipe-orts-sigue-progresando-en-su-conversion-biker","status":"publish","type":"post","link":"https:\/\/serbenidorm.daliisolutions.com\/index.php\/2024\/03\/22\/felipe-orts-sigue-progresando-en-su-conversion-biker\/","title":{"rendered":"Felipe Orts sigue progresando en su conversi\u00f3n \u2018biker\u2019"},"content":{"rendered":"  <p>Benidorm<\/p>   <p>El vilero <a href=\"https:\/\/cadenaser.com\/tag\/felipe_orts_lloret\/a\/\" target=\"_blank\" rel=\"noopener\">Felipe Orts<\/a> asum\u00eda este fin de semana su participaci\u00f3n en la primera cita del Superprestigio de BTT en Anc\u00edn (Navarra) con el mismo objetivo que siete d\u00edas antes <a href=\"https:\/\/cadenaser.com\/comunitat-valenciana\/2024\/03\/10\/felipe-orts-roza-el-podio-en-su-ilusionante-debut-en-btt-radio-benidorm\/\">se hab\u00eda presentado en la salida de la Copa de Espa\u00f1a de Valladolid<\/a>, es decir, seguir haci\u00e9ndose a la disciplina y, sobre todo, progresar en la construcci\u00f3n de su estado de forma tras el breve par\u00f3n competitivo del que disfrut\u00f3 tras <a href=\"https:\/\/cadenaser.com\/comunitat-valenciana\/2024\/02\/09\/felipe-orts-baja-el-telon-con-doble-cita-en-belgica-radio-benidorm\/\" target=\"_blank\" rel=\"noopener\">dar por cerrado su invierno en el ciclocross<\/a>.<\/p>   <p>El de La Vila Joiosa contin\u00faa encontrando sensaciones en este arranque de la temporada de mountain bike logrando una meritoria sexta plaza en una carrera que ha contado con una participaci\u00f3n de mucho nivel.<\/p>  <p><p>M\u00e1s informaci\u00f3n<\/p><figure><img decoding=\"async\" src=\"https:\/\/cadenaser.com\/resizer\/k0yF0zooOwXZQdnXB23bRCeAWaA=\/650x366\/filters:quality(70)\/cloudfront-eu-central-1.images.arcpublishing.com\/prisaradio\/RJW2QPKCBNDHDI3FBTF6FB3WYM.JPG\" loading=\"lazy\" width=\"828\" height=\"621\" \/><\/figure><ul><li><a href=\"https:\/\/cadenaser.com\/tag\/felipe_orts_lloret\/a\/\">Todas las noticias de Felipe Orts<\/a><\/li><\/ul><\/p>   <p>Se trata, a todas luces, de un buen resultado en una jornada en la que el seis veces campe\u00f3n de Espa\u00f1a de ciclocross pele\u00f3 por la cuarta posici\u00f3n hasta los compases finales.<\/p>   <p>Al concluir el Superprestigio de Anc\u00edn Felipe Orts explicaba que \u201clas sensaciones han sido mucho mejores que la semana pasada, poco a poco voy cogiendo ritmo y me marcho contento con la sexta posici\u00f3n. Ha sido una carrera muy disputada, que contaba con grandes especialistas en la modalidad y m\u00e1s all\u00e1 del resultado creo que lo realmente importante es el paso hacia delante que he dado respecto a mi debut en Valladolid\u201d.<\/p> ","protected":false},"excerpt":{"rendered":"<p>El de La Vila Joiosa termin\u00f3 sexto en el Superprestigio de Anc\u00edn<\/p>\n","protected":false},"author":0,"featured_media":3413,"comment_status":"open","ping_status":"open","sticky":false,"template":"","format":"standard","meta":{"_acf_changed":false,"footnotes":""},"categories":[16],"tags":[],"class_list":["post-3412","post","type-post","status-publish","format-standard","has-post-thumbnail","hentry","category-deportes"],"acf":{"ser_id":"A6ACEIWTY5EV7F4W545GEDI4S4","ser_url":"https:\/\/cadenaser.com\/comunitat-valenciana\/2024\/03\/18\/felipe-orts-sigue-progresando-en-su-conversion-biker-radio-benidorm\/"},"_links":{"self":[{"href":"https:\/\/serbenidorm.daliisolutions.com\/index.php\/wp-json\/wp\/v2\/posts\/3412","targetHints":{"allow":["GET"]}}],"collection":[{"href":"https:\/\/serbenidorm.daliisolutions.com\/index.php\/wp-json\/wp\/v2\/posts"}],"about":[{"href":"https:\/\/serbenidorm.daliisolutions.com\/index.php\/wp-json\/wp\/v2\/types\/post"}],"replies":[{"embeddable":true,"href":"https:\/\/serbenidorm.daliisolutions.com\/index.php\/wp-json\/wp\/v2\/comments?post=3412"}],"version-history":[{"count":0,"href":"https:\/\/serbenidorm.daliisolutions.com\/index.php\/wp-json\/wp\/v2\/posts\/3412\/revisions"}],"wp:featuredmedia":[{"embeddable":true,"href":"https:\/\/serbenidorm.daliisolutions.com\/index.php\/wp-json\/wp\/v2\/media\/3413"}],"wp:attachment":[{"href":"https:\/\/serbenidorm.daliisolutions.com\/index.php\/wp-json\/wp\/v2\/media?parent=3412"}],"wp:term":[{"taxonomy":"category","embeddable":true,"href":"https:\/\/serbenidorm.daliisolutions.com\/index.php\/wp-json\/wp\/v2\/categories?post=3412"},{"taxonomy":"post_tag","embeddable":true,"href":"https:\/\/serbenidorm.daliisolutions.com\/index.php\/wp-json\/wp\/v2\/tags?post=3412"}],"curies":[{"name":"wp","href":"https:\/\/api.w.org\/{rel}","templated":true}]}}